{"id":18258,"date":"2022-03-24T06:20:53","date_gmt":"2022-03-24T04:20:53","guid":{"rendered":"http:\/\/www.kle-blatt.de\/blog\/?p=18258"},"modified":"2022-02-22T13:54:23","modified_gmt":"2022-02-22T11:54:23","slug":"reste-eines-legendaeren-brandes-in-kleve","status":"publish","type":"post","link":"https:\/\/www.kle-blatt.de\/blog\/kleve-in-foto-video\/aus-dem-privatalbum\/reste-eines-legendaeren-brandes-in-kleve.html","title":{"rendered":"Reste eines legend\u00e4ren Brandes in Kleve"},"content":{"rendered":"<p><strong>Reste eines legend\u00e4ren Brandes in Kleve<\/strong><\/p>\n<p>Das Bild zeigt den\u00a027. Juni 1977. Es war der Tag danach&#8230;<br \/>\nAm Tag zuvor ereignete sich der verheerende Brand der Hokovit-Werke. Wir sehen hier die Rest-Arbeiten der Feuerwehr auf der nahe gelegenen Rampenbr\u00fccke. Die Asche-Reste verunstalten und verkleben den Stra\u00dfenbelag und die Nachbarh\u00e4user werden von Ru\u00df und Brandresten der tags zuvor umherfliegenden Asche befreit. Mehr dazu findet man auch hier:<\/p>\n<p><span style=\"color: #ff0000;\"><strong><a href=\"http:\/\/www.kle-blatt.de\/blog\/?s=hokovit\">KLICK MICH!<\/a><\/strong><\/span><\/p>\n<p><a href=\"http:\/\/www.kle-blatt.de\/blog\/wp-content\/uploads\/2016\/02\/rampenbr\u00fccke-ein-tag-nach-brand-hokovit-klein.jpg\"><img loading=\"lazy\" decoding=\"async\" class=\"size-full wp-image-18259 aligncenter\" src=\"https:\/\/www.kle-blatt.de\/blog\/wp-content\/uploads\/2016\/02\/rampenbr\u00fccke-ein-tag-nach-brand-hokovit-klein.jpg\" alt=\"Reste eines legend\u00e4ren Brandes in Kleve\" width=\"850\" height=\"558\" \/><\/a><br \/>\n(Foto: Chris H\u00fcnnekes)<\/p>\n","protected":false},"excerpt":{"rendered":"<p>Reste eines legend\u00e4ren Brandes in Kleve Das Bild zeigt den\u00a027. Juni 1977. Es war der Tag danach&#8230; Am Tag zuvor &hellip; <a href=\"https:\/\/www.kle-blatt.de\/blog\/kleve-in-foto-video\/aus-dem-privatalbum\/reste-eines-legendaeren-brandes-in-kleve.html\" class=\"more-link\"><span class=\"more-button\">Weiterlesen<span class=\"screen-reader-text\">Reste eines legend\u00e4ren Brandes in Kleve<\/span><\/span><\/a><\/p>\n","protected":false},"author":2,"featured_media":18259,"comment_status":"open","ping_status":"closed","sticky":false,"template":"","format":"standard","meta":{"footnotes":""},"categories":[20],"tags":[3831],"class_list":["post-18258","post","type-post","status-publish","format-standard","has-post-thumbnail","hentry","category-aus-dem-privatalbum","tag-reste-eines-legendaeren-brandes-in-kleve"],"_links":{"self":[{"href":"https:\/\/www.kle-blatt.de\/blog\/wp-json\/wp\/v2\/posts\/18258","targetHints":{"allow":["GET"]}}],"collection":[{"href":"https:\/\/www.kle-blatt.de\/blog\/wp-json\/wp\/v2\/posts"}],"about":[{"href":"https:\/\/www.kle-blatt.de\/blog\/wp-json\/wp\/v2\/types\/post"}],"author":[{"embeddable":true,"href":"https:\/\/www.kle-blatt.de\/blog\/wp-json\/wp\/v2\/users\/2"}],"replies":[{"embeddable":true,"href":"https:\/\/www.kle-blatt.de\/blog\/wp-json\/wp\/v2\/comments?post=18258"}],"version-history":[{"count":2,"href":"https:\/\/www.kle-blatt.de\/blog\/wp-json\/wp\/v2\/posts\/18258\/revisions"}],"predecessor-version":[{"id":30072,"href":"https:\/\/www.kle-blatt.de\/blog\/wp-json\/wp\/v2\/posts\/18258\/revisions\/30072"}],"wp:featuredmedia":[{"embeddable":true,"href":"https:\/\/www.kle-blatt.de\/blog\/wp-json\/wp\/v2\/media\/18259"}],"wp:attachment":[{"href":"https:\/\/www.kle-blatt.de\/blog\/wp-json\/wp\/v2\/media?parent=18258"}],"wp:term":[{"taxonomy":"category","embeddable":true,"href":"https:\/\/www.kle-blatt.de\/blog\/wp-json\/wp\/v2\/categories?post=18258"},{"taxonomy":"post_tag","embeddable":true,"href":"https:\/\/www.kle-blatt.de\/blog\/wp-json\/wp\/v2\/tags?post=18258"}],"curies":[{"name":"wp","href":"https:\/\/api.w.org\/{rel}","templated":true}]}}