{"id":18277,"date":"2016-03-20T07:20:38","date_gmt":"2016-03-20T05:20:38","guid":{"rendered":"http:\/\/www.kle-blatt.de\/blog\/?p=18277"},"modified":"2016-02-18T12:35:14","modified_gmt":"2016-02-18T10:35:14","slug":"das-vermisste-freizeit-bad-im-sternbusch","status":"publish","type":"post","link":"https:\/\/www.kle-blatt.de\/blog\/kleve-in-foto-video\/aus-dem-privatalbum\/das-vermisste-freizeit-bad-im-sternbusch.html","title":{"rendered":"Das vermisste Freizeit-Bad im Sternbusch"},"content":{"rendered":"<p><strong>Das vermisste Freizeit-Bad im Sternbusch<\/strong><\/p>\n<p>Was werden wir dieses Schwimmbad im kommenden Sommer vermissen, wenn statt vergn\u00fcglichem Kinder-Geschrei nur das bedrohliche Dr\u00f6hnen von Abriss-Baggern und Baul\u00e4rm zu vernehmen sein wird. Man mag es kaum glauben, aber der Neubau soll erst im Jahre 2018 wieder er\u00f6ffnet werden. Was machen die da so lange?<br \/>\n<a href=\"http:\/\/www.kle-blatt.de\/blog\/wp-content\/uploads\/2016\/02\/sternbuschbad-klein.jpg\"><img loading=\"lazy\" decoding=\"async\" class=\"alignleft size-full wp-image-18278\" src=\"http:\/\/www.kle-blatt.de\/blog\/wp-content\/uploads\/2016\/02\/sternbuschbad-klein.jpg\" alt=\"sternbuschbad - klein\" width=\"650\" height=\"650\" srcset=\"https:\/\/www.kle-blatt.de\/blog\/wp-content\/uploads\/2016\/02\/sternbuschbad-klein.jpg 650w, https:\/\/www.kle-blatt.de\/blog\/wp-content\/uploads\/2016\/02\/sternbuschbad-klein-150x150.jpg 150w, https:\/\/www.kle-blatt.de\/blog\/wp-content\/uploads\/2016\/02\/sternbuschbad-klein-300x300.jpg 300w\" sizes=\"auto, (max-width: 650px) 100vw, 650px\" \/><\/a><br \/>\n(Foto: Verena Henkel)<\/p>\n","protected":false},"excerpt":{"rendered":"<p>Das vermisste Freizeit-Bad im Sternbusch Was werden wir dieses Schwimmbad im kommenden Sommer vermissen, wenn statt vergn\u00fcglichem Kinder-Geschrei nur das &hellip; <a href=\"https:\/\/www.kle-blatt.de\/blog\/kleve-in-foto-video\/aus-dem-privatalbum\/das-vermisste-freizeit-bad-im-sternbusch.html\" class=\"more-link\"><span class=\"more-button\">Weiterlesen<span class=\"screen-reader-text\">Das vermisste Freizeit-Bad im Sternbusch<\/span><\/span><\/a><\/p>\n","protected":false},"author":2,"featured_media":0,"comment_status":"open","ping_status":"closed","sticky":false,"template":"","format":"standard","meta":{"footnotes":""},"categories":[20],"tags":[3837],"class_list":["post-18277","post","type-post","status-publish","format-standard","hentry","category-aus-dem-privatalbum","tag-das-vermisste-freizeit-bad-im-sternbusch"],"_links":{"self":[{"href":"https:\/\/www.kle-blatt.de\/blog\/wp-json\/wp\/v2\/posts\/18277","targetHints":{"allow":["GET"]}}],"collection":[{"href":"https:\/\/www.kle-blatt.de\/blog\/wp-json\/wp\/v2\/posts"}],"about":[{"href":"https:\/\/www.kle-blatt.de\/blog\/wp-json\/wp\/v2\/types\/post"}],"author":[{"embeddable":true,"href":"https:\/\/www.kle-blatt.de\/blog\/wp-json\/wp\/v2\/users\/2"}],"replies":[{"embeddable":true,"href":"https:\/\/www.kle-blatt.de\/blog\/wp-json\/wp\/v2\/comments?post=18277"}],"version-history":[{"count":0,"href":"https:\/\/www.kle-blatt.de\/blog\/wp-json\/wp\/v2\/posts\/18277\/revisions"}],"wp:attachment":[{"href":"https:\/\/www.kle-blatt.de\/blog\/wp-json\/wp\/v2\/media?parent=18277"}],"wp:term":[{"taxonomy":"category","embeddable":true,"href":"https:\/\/www.kle-blatt.de\/blog\/wp-json\/wp\/v2\/categories?post=18277"},{"taxonomy":"post_tag","embeddable":true,"href":"https:\/\/www.kle-blatt.de\/blog\/wp-json\/wp\/v2\/tags?post=18277"}],"curies":[{"name":"wp","href":"https:\/\/api.w.org\/{rel}","templated":true}]}}