{"id":18292,"date":"2016-03-23T07:20:21","date_gmt":"2016-03-23T05:20:21","guid":{"rendered":"http:\/\/www.kle-blatt.de\/blog\/?p=18292"},"modified":"2016-02-20T11:18:58","modified_gmt":"2016-02-20T09:18:58","slug":"brejpott-idylle-in-kellen","status":"publish","type":"post","link":"https:\/\/www.kle-blatt.de\/blog\/kleve-in-foto-video\/aus-dem-privatalbum\/brejpott-idylle-in-kellen.html","title":{"rendered":"Brejpott-Idylle in Kellen"},"content":{"rendered":"<p><strong>Brejpott-Idylle in Kellen<\/strong><\/p>\n<p>Vor allem im Karneval viel beachtet durch die j\u00e4hrliche Brejpott-Taufe des aktuellen Prinzen\u00a0durch die Karnevalsgesellschaft Brejpott-Quaker. Seit Jahren steigt dazu ein &#8222;Jansen&#8220; im Froschkost\u00fcm in die eisigen Fluten, um das Wasser daf\u00fcr zu sch\u00f6pfen. Hier sehen wir den Brejpott einmal in seiner ruhigen und farbigen Sch\u00f6nheit<\/p>\n<p><a href=\"http:\/\/www.kle-blatt.de\/blog\/wp-content\/uploads\/2016\/02\/brejpott-idylle.jpg\"><img loading=\"lazy\" decoding=\"async\" class=\"alignleft size-full wp-image-18293\" src=\"http:\/\/www.kle-blatt.de\/blog\/wp-content\/uploads\/2016\/02\/brejpott-idylle.jpg\" alt=\"brejpott-idylle\" width=\"650\" height=\"425\" srcset=\"https:\/\/www.kle-blatt.de\/blog\/wp-content\/uploads\/2016\/02\/brejpott-idylle.jpg 650w, https:\/\/www.kle-blatt.de\/blog\/wp-content\/uploads\/2016\/02\/brejpott-idylle-300x196.jpg 300w\" sizes=\"auto, (max-width: 650px) 100vw, 650px\" \/><\/a><br \/>\n(Foto: Duck (Hans-Wilhelm Heek))<\/p>\n","protected":false},"excerpt":{"rendered":"<p>Brejpott-Idylle in Kellen Vor allem im Karneval viel beachtet durch die j\u00e4hrliche Brejpott-Taufe des aktuellen Prinzen\u00a0durch die Karnevalsgesellschaft Brejpott-Quaker. Seit &hellip; <a href=\"https:\/\/www.kle-blatt.de\/blog\/kleve-in-foto-video\/aus-dem-privatalbum\/brejpott-idylle-in-kellen.html\" class=\"more-link\"><span class=\"more-button\">Weiterlesen<span class=\"screen-reader-text\">Brejpott-Idylle in Kellen<\/span><\/span><\/a><\/p>\n","protected":false},"author":2,"featured_media":0,"comment_status":"open","ping_status":"closed","sticky":false,"template":"","format":"standard","meta":{"footnotes":""},"categories":[20],"tags":[3842],"class_list":["post-18292","post","type-post","status-publish","format-standard","hentry","category-aus-dem-privatalbum","tag-brejpott-idylle-in-kellen"],"_links":{"self":[{"href":"https:\/\/www.kle-blatt.de\/blog\/wp-json\/wp\/v2\/posts\/18292","targetHints":{"allow":["GET"]}}],"collection":[{"href":"https:\/\/www.kle-blatt.de\/blog\/wp-json\/wp\/v2\/posts"}],"about":[{"href":"https:\/\/www.kle-blatt.de\/blog\/wp-json\/wp\/v2\/types\/post"}],"author":[{"embeddable":true,"href":"https:\/\/www.kle-blatt.de\/blog\/wp-json\/wp\/v2\/users\/2"}],"replies":[{"embeddable":true,"href":"https:\/\/www.kle-blatt.de\/blog\/wp-json\/wp\/v2\/comments?post=18292"}],"version-history":[{"count":0,"href":"https:\/\/www.kle-blatt.de\/blog\/wp-json\/wp\/v2\/posts\/18292\/revisions"}],"wp:attachment":[{"href":"https:\/\/www.kle-blatt.de\/blog\/wp-json\/wp\/v2\/media?parent=18292"}],"wp:term":[{"taxonomy":"category","embeddable":true,"href":"https:\/\/www.kle-blatt.de\/blog\/wp-json\/wp\/v2\/categories?post=18292"},{"taxonomy":"post_tag","embeddable":true,"href":"https:\/\/www.kle-blatt.de\/blog\/wp-json\/wp\/v2\/tags?post=18292"}],"curies":[{"name":"wp","href":"https:\/\/api.w.org\/{rel}","templated":true}]}}