{"id":18424,"date":"2023-04-23T07:00:55","date_gmt":"2023-04-23T05:00:55","guid":{"rendered":"http:\/\/www.kle-blatt.de\/blog\/?p=18424"},"modified":"2023-03-16T12:00:41","modified_gmt":"2023-03-16T10:00:41","slug":"die-rheinfaehren-treffen-sich","status":"publish","type":"post","link":"https:\/\/www.kle-blatt.de\/blog\/kleve-in-foto-video\/aus-dem-privatalbum\/die-rheinfaehren-treffen-sich.html","title":{"rendered":"Die Rheinf\u00e4hren treffen sich"},"content":{"rendered":"<p><strong>Die Rheinf\u00e4hren treffen sich<\/strong><\/p>\n<p>Ein Bild aus dem Jahre 1958 zeigt die Rheinf\u00e4hren, die sich in der Mitte des Rheines auf der H\u00e4lfte ihrer jeweiligen Fahrtrichtung begegnen. Ein Foto, als es die Rheinbr\u00fccke noch nicht gab.<\/p>\n<p><img loading=\"lazy\" decoding=\"async\" class=\"size-full wp-image-18425 aligncenter\" src=\"https:\/\/www.kle-blatt.de\/blog\/wp-content\/uploads\/2016\/03\/rheinf\u00e4hre-1958.jpg\" alt=\"Die Rheinf\u00e4hren treffen sich\" width=\"850\" height=\"539\" \/><br \/>\n(Foto: KLE-Blatt)<\/p>\n","protected":false},"excerpt":{"rendered":"<p>Die Rheinf\u00e4hren treffen sich Ein Bild aus dem Jahre 1958 zeigt die Rheinf\u00e4hren, die sich in der Mitte des Rheines &hellip; <a href=\"https:\/\/www.kle-blatt.de\/blog\/kleve-in-foto-video\/aus-dem-privatalbum\/die-rheinfaehren-treffen-sich.html\" class=\"more-link\"><span class=\"more-button\">Weiterlesen<span class=\"screen-reader-text\">Die Rheinf\u00e4hren treffen sich<\/span><\/span><\/a><\/p>\n","protected":false},"author":2,"featured_media":18425,"comment_status":"open","ping_status":"closed","sticky":false,"template":"","format":"standard","meta":{"footnotes":""},"categories":[20],"tags":[3859],"class_list":["post-18424","post","type-post","status-publish","format-standard","has-post-thumbnail","hentry","category-aus-dem-privatalbum","tag-die-rheinfaehren-treffen-sich"],"_links":{"self":[{"href":"https:\/\/www.kle-blatt.de\/blog\/wp-json\/wp\/v2\/posts\/18424","targetHints":{"allow":["GET"]}}],"collection":[{"href":"https:\/\/www.kle-blatt.de\/blog\/wp-json\/wp\/v2\/posts"}],"about":[{"href":"https:\/\/www.kle-blatt.de\/blog\/wp-json\/wp\/v2\/types\/post"}],"author":[{"embeddable":true,"href":"https:\/\/www.kle-blatt.de\/blog\/wp-json\/wp\/v2\/users\/2"}],"replies":[{"embeddable":true,"href":"https:\/\/www.kle-blatt.de\/blog\/wp-json\/wp\/v2\/comments?post=18424"}],"version-history":[{"count":1,"href":"https:\/\/www.kle-blatt.de\/blog\/wp-json\/wp\/v2\/posts\/18424\/revisions"}],"predecessor-version":[{"id":31980,"href":"https:\/\/www.kle-blatt.de\/blog\/wp-json\/wp\/v2\/posts\/18424\/revisions\/31980"}],"wp:featuredmedia":[{"embeddable":true,"href":"https:\/\/www.kle-blatt.de\/blog\/wp-json\/wp\/v2\/media\/18425"}],"wp:attachment":[{"href":"https:\/\/www.kle-blatt.de\/blog\/wp-json\/wp\/v2\/media?parent=18424"}],"wp:term":[{"taxonomy":"category","embeddable":true,"href":"https:\/\/www.kle-blatt.de\/blog\/wp-json\/wp\/v2\/categories?post=18424"},{"taxonomy":"post_tag","embeddable":true,"href":"https:\/\/www.kle-blatt.de\/blog\/wp-json\/wp\/v2\/tags?post=18424"}],"curies":[{"name":"wp","href":"https:\/\/api.w.org\/{rel}","templated":true}]}}