{"id":18430,"date":"2020-04-12T07:00:05","date_gmt":"2020-04-12T05:00:05","guid":{"rendered":"http:\/\/www.kle-blatt.de\/blog\/?p=18430"},"modified":"2020-03-19T13:39:55","modified_gmt":"2020-03-19T11:39:55","slug":"der-vorgaenger-des-klever-kaufhofs","status":"publish","type":"post","link":"https:\/\/www.kle-blatt.de\/blog\/kleve-in-foto-video\/der-vorgaenger-des-klever-kaufhofs.html","title":{"rendered":"Vor langer langer Zeit: Der Vorg\u00e4nger des Klever Kaufhofs"},"content":{"rendered":"<p><strong>Vor langer langer Zeit: Der Vorg\u00e4nger des Klever Kaufhofs<\/strong><\/p>\n<p>Wir sehen hier eine sehr alte Ansicht von der Gro\u00dfen Stra\u00dfe im damaligen Cleve. Rechts erblicken wir das Kaufhaus Weyl, welches im Jahre 1929 dann von der Leonhard Tietz AG \u00fcbernommen wurde. Heute steht dort der Kaufhof. Ganz rechts erkennt man eine rot-wei\u00df gestreifte ausgefahrene Markise, die bei Sonnenschein eigentlich an jedem Gesch\u00e4ftshaus zu finden waren.<\/p>\n<p><img loading=\"lazy\" decoding=\"async\" class=\"alignleft size-full wp-image-18431\" src=\"http:\/\/www.kle-blatt.de\/blog\/wp-content\/uploads\/2016\/03\/gro\u00dfe-kaufhaus-weyl-klein.jpg\" alt=\"Vor langer langer Zeit: Der Vorg\u00e4nger des Klever Kaufhofs\" width=\"849\" height=\"503\" \/><br \/>\n(Foto gezeigt von Reiner Grun)<\/p>\n","protected":false},"excerpt":{"rendered":"<p>Vor langer langer Zeit: Der Vorg\u00e4nger des Klever Kaufhofs Wir sehen hier eine sehr alte Ansicht von der Gro\u00dfen Stra\u00dfe &hellip; <a href=\"https:\/\/www.kle-blatt.de\/blog\/kleve-in-foto-video\/der-vorgaenger-des-klever-kaufhofs.html\" class=\"more-link\"><span class=\"more-button\">Weiterlesen<span class=\"screen-reader-text\">Vor langer langer Zeit: Der Vorg\u00e4nger des Klever Kaufhofs<\/span><\/span><\/a><\/p>\n","protected":false},"author":2,"featured_media":0,"comment_status":"open","ping_status":"closed","sticky":false,"template":"","format":"standard","meta":{"footnotes":""},"categories":[3],"tags":[3861],"class_list":["post-18430","post","type-post","status-publish","format-standard","hentry","category-kleve-in-foto-video","tag-der-vorgaenger-des-klever-kaufhofs"],"_links":{"self":[{"href":"https:\/\/www.kle-blatt.de\/blog\/wp-json\/wp\/v2\/posts\/18430","targetHints":{"allow":["GET"]}}],"collection":[{"href":"https:\/\/www.kle-blatt.de\/blog\/wp-json\/wp\/v2\/posts"}],"about":[{"href":"https:\/\/www.kle-blatt.de\/blog\/wp-json\/wp\/v2\/types\/post"}],"author":[{"embeddable":true,"href":"https:\/\/www.kle-blatt.de\/blog\/wp-json\/wp\/v2\/users\/2"}],"replies":[{"embeddable":true,"href":"https:\/\/www.kle-blatt.de\/blog\/wp-json\/wp\/v2\/comments?post=18430"}],"version-history":[{"count":0,"href":"https:\/\/www.kle-blatt.de\/blog\/wp-json\/wp\/v2\/posts\/18430\/revisions"}],"wp:attachment":[{"href":"https:\/\/www.kle-blatt.de\/blog\/wp-json\/wp\/v2\/media?parent=18430"}],"wp:term":[{"taxonomy":"category","embeddable":true,"href":"https:\/\/www.kle-blatt.de\/blog\/wp-json\/wp\/v2\/categories?post=18430"},{"taxonomy":"post_tag","embeddable":true,"href":"https:\/\/www.kle-blatt.de\/blog\/wp-json\/wp\/v2\/tags?post=18430"}],"curies":[{"name":"wp","href":"https:\/\/api.w.org\/{rel}","templated":true}]}}