{"id":18445,"date":"2022-04-23T06:00:41","date_gmt":"2022-04-23T04:00:41","guid":{"rendered":"http:\/\/www.kle-blatt.de\/blog\/?p=18445"},"modified":"2022-03-14T11:11:02","modified_gmt":"2022-03-14T09:11:02","slug":"morgen-ist-weisser-sonntag","status":"publish","type":"post","link":"https:\/\/www.kle-blatt.de\/blog\/kleve-in-foto-video\/aus-dem-privatalbum\/morgen-ist-weisser-sonntag.html","title":{"rendered":"Morgen ist Wei\u00dfer Sonntag"},"content":{"rendered":"<p><strong>Morgen ist Wei\u00dfer Sonntag<\/strong><\/p>\n<p>Die &#8222;Br\u00e4utchen&#8220; halten sich hier im Jahre 1960 bereit, Blumen zu streuen und ihren Weg zur ersten heiligen Kommunion zu begehen. Sie tragen schmuckvolle Blumenkr\u00e4nze im Haar und blicken erwartungsvoll in die Kamera. Das wird auch morgen wieder so sein. Anders gekleidet, vermutlich auch keine geflochtenen Haarkr\u00e4nze, daf\u00fcr aber wahrscheinlich modische Schuhe und Kleidung und ein Smartphone f\u00fcr das unersetzliche Selfie. \ud83d\ude42<\/p>\n<p><img loading=\"lazy\" decoding=\"async\" class=\"size-full wp-image-18446 aligncenter\" src=\"https:\/\/www.kle-blatt.de\/blog\/wp-content\/uploads\/2016\/03\/1958Kleve06-klein.jpg\" alt=\"Morgen ist Wei\u00dfer Sonntag\" width=\"850\" height=\"841\" \/><br \/>\n(Foto: Rainer Killemann)<\/p>\n","protected":false},"excerpt":{"rendered":"<p>Morgen ist Wei\u00dfer Sonntag Die &#8222;Br\u00e4utchen&#8220; halten sich hier im Jahre 1960 bereit, Blumen zu streuen und ihren Weg zur &hellip; <a href=\"https:\/\/www.kle-blatt.de\/blog\/kleve-in-foto-video\/aus-dem-privatalbum\/morgen-ist-weisser-sonntag.html\" class=\"more-link\"><span class=\"more-button\">Weiterlesen<span class=\"screen-reader-text\">Morgen ist Wei\u00dfer Sonntag<\/span><\/span><\/a><\/p>\n","protected":false},"author":2,"featured_media":18446,"comment_status":"open","ping_status":"closed","sticky":false,"template":"","format":"standard","meta":{"footnotes":""},"categories":[20],"tags":[3865],"class_list":["post-18445","post","type-post","status-publish","format-standard","has-post-thumbnail","hentry","category-aus-dem-privatalbum","tag-morgen-ist-weisser-sonntag"],"_links":{"self":[{"href":"https:\/\/www.kle-blatt.de\/blog\/wp-json\/wp\/v2\/posts\/18445","targetHints":{"allow":["GET"]}}],"collection":[{"href":"https:\/\/www.kle-blatt.de\/blog\/wp-json\/wp\/v2\/posts"}],"about":[{"href":"https:\/\/www.kle-blatt.de\/blog\/wp-json\/wp\/v2\/types\/post"}],"author":[{"embeddable":true,"href":"https:\/\/www.kle-blatt.de\/blog\/wp-json\/wp\/v2\/users\/2"}],"replies":[{"embeddable":true,"href":"https:\/\/www.kle-blatt.de\/blog\/wp-json\/wp\/v2\/comments?post=18445"}],"version-history":[{"count":1,"href":"https:\/\/www.kle-blatt.de\/blog\/wp-json\/wp\/v2\/posts\/18445\/revisions"}],"predecessor-version":[{"id":30233,"href":"https:\/\/www.kle-blatt.de\/blog\/wp-json\/wp\/v2\/posts\/18445\/revisions\/30233"}],"wp:featuredmedia":[{"embeddable":true,"href":"https:\/\/www.kle-blatt.de\/blog\/wp-json\/wp\/v2\/media\/18446"}],"wp:attachment":[{"href":"https:\/\/www.kle-blatt.de\/blog\/wp-json\/wp\/v2\/media?parent=18445"}],"wp:term":[{"taxonomy":"category","embeddable":true,"href":"https:\/\/www.kle-blatt.de\/blog\/wp-json\/wp\/v2\/categories?post=18445"},{"taxonomy":"post_tag","embeddable":true,"href":"https:\/\/www.kle-blatt.de\/blog\/wp-json\/wp\/v2\/tags?post=18445"}],"curies":[{"name":"wp","href":"https:\/\/api.w.org\/{rel}","templated":true}]}}