{"id":18448,"date":"2025-04-07T07:10:12","date_gmt":"2025-04-07T05:10:12","guid":{"rendered":"http:\/\/www.kle-blatt.de\/blog\/?p=18448"},"modified":"2025-02-21T14:54:50","modified_gmt":"2025-02-21T12:54:50","slug":"der-garten-ruft","status":"publish","type":"post","link":"https:\/\/www.kle-blatt.de\/blog\/kleve-in-foto-video\/aus-dem-privatalbum\/der-garten-ruft.html","title":{"rendered":"Falls vorhanden: Hat Dich der Garten auch schon gerufen?"},"content":{"rendered":"<p><strong>Falls vorhanden: Hat Dich der Garten auch schon gerufen?<\/strong><\/p>\n<p>Wie hier auf dem Bild aus Anfang der F\u00fcnfziger Jahre zu sehen, geh\u00f6rte\u00a0die Arbeit im\u00a0Garten &#8211; ob Gem\u00fcse-, Obst- oder Ziergarten &#8211; zu den liebsten Freizeitbesch\u00e4ftigungen der Kleverinnen und Klever. Damals galt es noch, gen\u00fcgend Obst und Gem\u00fcse anzubauen, damit man etwas Vern\u00fcnftiges und Preiswertes zum essen hatte. Heute steht eher die Sch\u00f6nheit von Rasen, Blumen, Pflanzen und Geh\u00f6lzen im Fokus, um sich an den Formen und Farben zu erfreuen und sich in sch\u00f6nen und bequemen M\u00f6beln auf der Terrasse etc. zu erholen.<\/p>\n<p><img loading=\"lazy\" decoding=\"async\" class=\"size-full wp-image-18449 aligncenter\" src=\"http:\/\/www.kle-blatt.de\/blog\/wp-content\/uploads\/2016\/03\/gartenarbeit.jpg\" alt=\"Falls vorhanden: Hat Dich der Garten auch schon gerufen?\" width=\"850\" height=\"1196\" \/><br \/>\n(Foto: KLE-Blatt)<\/p>\n","protected":false},"excerpt":{"rendered":"<p>Falls vorhanden: Hat Dich der Garten auch schon gerufen? Wie hier auf dem Bild aus Anfang der F\u00fcnfziger Jahre zu &hellip; <a href=\"https:\/\/www.kle-blatt.de\/blog\/kleve-in-foto-video\/aus-dem-privatalbum\/der-garten-ruft.html\" class=\"more-link\"><span class=\"more-button\">Weiterlesen<span class=\"screen-reader-text\">Falls vorhanden: Hat Dich der Garten auch schon gerufen?<\/span><\/span><\/a><\/p>\n","protected":false},"author":2,"featured_media":18449,"comment_status":"closed","ping_status":"closed","sticky":false,"template":"","format":"standard","meta":{"footnotes":""},"categories":[20],"tags":[5330],"class_list":["post-18448","post","type-post","status-publish","format-standard","has-post-thumbnail","hentry","category-aus-dem-privatalbum","tag-falls-vorhanden-hat-dich-der-garten-auch-schon-gerufen"],"_links":{"self":[{"href":"https:\/\/www.kle-blatt.de\/blog\/wp-json\/wp\/v2\/posts\/18448","targetHints":{"allow":["GET"]}}],"collection":[{"href":"https:\/\/www.kle-blatt.de\/blog\/wp-json\/wp\/v2\/posts"}],"about":[{"href":"https:\/\/www.kle-blatt.de\/blog\/wp-json\/wp\/v2\/types\/post"}],"author":[{"embeddable":true,"href":"https:\/\/www.kle-blatt.de\/blog\/wp-json\/wp\/v2\/users\/2"}],"replies":[{"embeddable":true,"href":"https:\/\/www.kle-blatt.de\/blog\/wp-json\/wp\/v2\/comments?post=18448"}],"version-history":[{"count":2,"href":"https:\/\/www.kle-blatt.de\/blog\/wp-json\/wp\/v2\/posts\/18448\/revisions"}],"predecessor-version":[{"id":35122,"href":"https:\/\/www.kle-blatt.de\/blog\/wp-json\/wp\/v2\/posts\/18448\/revisions\/35122"}],"wp:featuredmedia":[{"embeddable":true,"href":"https:\/\/www.kle-blatt.de\/blog\/wp-json\/wp\/v2\/media\/18449"}],"wp:attachment":[{"href":"https:\/\/www.kle-blatt.de\/blog\/wp-json\/wp\/v2\/media?parent=18448"}],"wp:term":[{"taxonomy":"category","embeddable":true,"href":"https:\/\/www.kle-blatt.de\/blog\/wp-json\/wp\/v2\/categories?post=18448"},{"taxonomy":"post_tag","embeddable":true,"href":"https:\/\/www.kle-blatt.de\/blog\/wp-json\/wp\/v2\/tags?post=18448"}],"curies":[{"name":"wp","href":"https:\/\/api.w.org\/{rel}","templated":true}]}}