{"id":18459,"date":"2025-04-18T07:10:45","date_gmt":"2025-04-18T05:10:45","guid":{"rendered":"http:\/\/www.kle-blatt.de\/blog\/?p=18459"},"modified":"2025-02-21T15:15:14","modified_gmt":"2025-02-21T13:15:14","slug":"schuetzen-zug-in-kellen","status":"publish","type":"post","link":"https:\/\/www.kle-blatt.de\/blog\/kleve-in-foto-video\/aus-dem-privatalbum\/schuetzen-zug-in-kellen.html","title":{"rendered":"Warst Du dabei? Sch\u00fctzen-Zug in Kellen"},"content":{"rendered":"<p><strong>Warst Du dabei? Sch\u00fctzen-Zug in Kellen<\/strong><\/p>\n<p>Ein Bild aus dem Jahre 1951 zeigt hier die M\u00e4nner des Kellener Sch\u00fctzenvereins. Die B\u00fcrgersch\u00fctzen wurden erst 1952 gegr\u00fcndet. Nur zwei von den Jungsch\u00fctzen im Vordergrund\u00a0tragen eine Waffe geschultert. So kurz nach dem Krieg war es wohl auch nicht m\u00f6glich, davon mehrere aufzutreiben. Wei\u00dfes Hemd und schwarze Hose mussten gen\u00fcgen. F\u00fcr mehr reichte das Geld damals nicht. Vermutlich marschierte man hier folgerichtig zum Kellener Sch\u00fctzenhaus.<\/p>\n<p><img loading=\"lazy\" decoding=\"async\" class=\"size-full wp-image-18460 aligncenter\" src=\"http:\/\/www.kle-blatt.de\/blog\/wp-content\/uploads\/2016\/03\/sch\u00fctzenzug-kellen-1951.jpg\" alt=\"Warst Du dabei? Sch\u00fctzen-Zug in Kellen\" width=\"850\" height=\"1250\" \/><br \/>\n(Foto: Peter Nengel)<\/p>\n","protected":false},"excerpt":{"rendered":"<p>Warst Du dabei? Sch\u00fctzen-Zug in Kellen Ein Bild aus dem Jahre 1951 zeigt hier die M\u00e4nner des Kellener Sch\u00fctzenvereins. Die &hellip; <a href=\"https:\/\/www.kle-blatt.de\/blog\/kleve-in-foto-video\/aus-dem-privatalbum\/schuetzen-zug-in-kellen.html\" class=\"more-link\"><span class=\"more-button\">Weiterlesen<span class=\"screen-reader-text\">Warst Du dabei? Sch\u00fctzen-Zug in Kellen<\/span><\/span><\/a><\/p>\n","protected":false},"author":2,"featured_media":18460,"comment_status":"closed","ping_status":"closed","sticky":false,"template":"","format":"standard","meta":{"footnotes":""},"categories":[20],"tags":[3869],"class_list":["post-18459","post","type-post","status-publish","format-standard","has-post-thumbnail","hentry","category-aus-dem-privatalbum","tag-schuetzen-zug-in-kellen"],"_links":{"self":[{"href":"https:\/\/www.kle-blatt.de\/blog\/wp-json\/wp\/v2\/posts\/18459","targetHints":{"allow":["GET"]}}],"collection":[{"href":"https:\/\/www.kle-blatt.de\/blog\/wp-json\/wp\/v2\/posts"}],"about":[{"href":"https:\/\/www.kle-blatt.de\/blog\/wp-json\/wp\/v2\/types\/post"}],"author":[{"embeddable":true,"href":"https:\/\/www.kle-blatt.de\/blog\/wp-json\/wp\/v2\/users\/2"}],"replies":[{"embeddable":true,"href":"https:\/\/www.kle-blatt.de\/blog\/wp-json\/wp\/v2\/comments?post=18459"}],"version-history":[{"count":2,"href":"https:\/\/www.kle-blatt.de\/blog\/wp-json\/wp\/v2\/posts\/18459\/revisions"}],"predecessor-version":[{"id":35134,"href":"https:\/\/www.kle-blatt.de\/blog\/wp-json\/wp\/v2\/posts\/18459\/revisions\/35134"}],"wp:featuredmedia":[{"embeddable":true,"href":"https:\/\/www.kle-blatt.de\/blog\/wp-json\/wp\/v2\/media\/18460"}],"wp:attachment":[{"href":"https:\/\/www.kle-blatt.de\/blog\/wp-json\/wp\/v2\/media?parent=18459"}],"wp:term":[{"taxonomy":"category","embeddable":true,"href":"https:\/\/www.kle-blatt.de\/blog\/wp-json\/wp\/v2\/categories?post=18459"},{"taxonomy":"post_tag","embeddable":true,"href":"https:\/\/www.kle-blatt.de\/blog\/wp-json\/wp\/v2\/tags?post=18459"}],"curies":[{"name":"wp","href":"https:\/\/api.w.org\/{rel}","templated":true}]}}