{"id":18498,"date":"2016-04-28T07:00:44","date_gmt":"2016-04-28T05:00:44","guid":{"rendered":"http:\/\/www.kle-blatt.de\/blog\/?p=18498"},"modified":"2016-03-31T14:07:12","modified_gmt":"2016-03-31T12:07:12","slug":"der-spucker-am-opschlag","status":"publish","type":"post","link":"https:\/\/www.kle-blatt.de\/blog\/kleve-in-foto-video\/aus-dem-privatalbum\/der-spucker-am-opschlag.html","title":{"rendered":"Der Spucker am Opschlag"},"content":{"rendered":"<p><strong>Der Spucker am Opschlag<\/strong><\/p>\n<p>Ein wunderbares Bild aus 1957 zeigt hier ein kleines niedliches M\u00e4dchen in Erwartung der n\u00e4chsten Rotz-Attacke des Spuckm\u00e4nneken. So sah die Lage am Opschlag damals aus. Mittlerweile hat sich hier ja eine Menge getan. Nur der Beltermann ist geblieben.<\/p>\n<p><img loading=\"lazy\" decoding=\"async\" class=\"alignleft size-full wp-image-18499\" src=\"http:\/\/www.kle-blatt.de\/blog\/wp-content\/uploads\/2016\/03\/cousine-1957-heinz-lankeit-klein.jpg\" alt=\"cousine 1957 - heinz lankeit-klein\" width=\"650\" height=\"426\" srcset=\"https:\/\/www.kle-blatt.de\/blog\/wp-content\/uploads\/2016\/03\/cousine-1957-heinz-lankeit-klein.jpg 650w, https:\/\/www.kle-blatt.de\/blog\/wp-content\/uploads\/2016\/03\/cousine-1957-heinz-lankeit-klein-300x197.jpg 300w\" sizes=\"auto, (max-width: 650px) 100vw, 650px\" \/><br \/>\n(Foto gezeigt von Heinz Lankeit)<\/p>\n","protected":false},"excerpt":{"rendered":"<p>Der Spucker am Opschlag Ein wunderbares Bild aus 1957 zeigt hier ein kleines niedliches M\u00e4dchen in Erwartung der n\u00e4chsten Rotz-Attacke &hellip; <a href=\"https:\/\/www.kle-blatt.de\/blog\/kleve-in-foto-video\/aus-dem-privatalbum\/der-spucker-am-opschlag.html\" class=\"more-link\"><span class=\"more-button\">Weiterlesen<span class=\"screen-reader-text\">Der Spucker am Opschlag<\/span><\/span><\/a><\/p>\n","protected":false},"author":2,"featured_media":0,"comment_status":"open","ping_status":"closed","sticky":false,"template":"","format":"standard","meta":{"footnotes":""},"categories":[20],"tags":[3883],"class_list":["post-18498","post","type-post","status-publish","format-standard","hentry","category-aus-dem-privatalbum","tag-der-spucker-am-opschlag"],"_links":{"self":[{"href":"https:\/\/www.kle-blatt.de\/blog\/wp-json\/wp\/v2\/posts\/18498","targetHints":{"allow":["GET"]}}],"collection":[{"href":"https:\/\/www.kle-blatt.de\/blog\/wp-json\/wp\/v2\/posts"}],"about":[{"href":"https:\/\/www.kle-blatt.de\/blog\/wp-json\/wp\/v2\/types\/post"}],"author":[{"embeddable":true,"href":"https:\/\/www.kle-blatt.de\/blog\/wp-json\/wp\/v2\/users\/2"}],"replies":[{"embeddable":true,"href":"https:\/\/www.kle-blatt.de\/blog\/wp-json\/wp\/v2\/comments?post=18498"}],"version-history":[{"count":0,"href":"https:\/\/www.kle-blatt.de\/blog\/wp-json\/wp\/v2\/posts\/18498\/revisions"}],"wp:attachment":[{"href":"https:\/\/www.kle-blatt.de\/blog\/wp-json\/wp\/v2\/media?parent=18498"}],"wp:term":[{"taxonomy":"category","embeddable":true,"href":"https:\/\/www.kle-blatt.de\/blog\/wp-json\/wp\/v2\/categories?post=18498"},{"taxonomy":"post_tag","embeddable":true,"href":"https:\/\/www.kle-blatt.de\/blog\/wp-json\/wp\/v2\/tags?post=18498"}],"curies":[{"name":"wp","href":"https:\/\/api.w.org\/{rel}","templated":true}]}}