{"id":18510,"date":"2025-04-08T07:10:14","date_gmt":"2025-04-08T05:10:14","guid":{"rendered":"http:\/\/www.kle-blatt.de\/blog\/?p=18510"},"modified":"2025-02-21T12:32:22","modified_gmt":"2025-02-21T10:32:22","slug":"fruehjahrsmuedigkeit","status":"publish","type":"post","link":"https:\/\/www.kle-blatt.de\/blog\/kleve-in-foto-video\/aus-dem-privatalbum\/fruehjahrsmuedigkeit.html","title":{"rendered":"Hat Dich die Fr\u00fchjahrsm\u00fcdigkeit auch erwischt?"},"content":{"rendered":"<p><strong>Hat Dich die Fr\u00fchjahrsm\u00fcdigkeit auch erwischt?<\/strong><\/p>\n<p>So wie diesem Hund geht es vermutlich momentan auch vielen Klevern. Etlichen von ihnen wird noch der Schlaf in den Augen stehen, denn die Fr\u00fchjahrsm\u00fcdigkeit ist zwischen Mitte M\u00e4rz bis Mitte April ein verst\u00e4rkt auftretendes Ph\u00e4nomen. Es scheint am Hormonhaushalt zu liegen und der K\u00f6rper stellt sich nur langsam auf die neuen Licht- und Temperaturverh\u00e4ltnisse ein. Das beste Mittel, um sich diesen gesundheitlichen Unbillen zu stellen ist es, sich viel und oft im Freien zu bewegen, so wie es der Hund hier vormacht. \ud83d\ude42<\/p>\n<p><img loading=\"lazy\" decoding=\"async\" class=\"size-full wp-image-18511 aligncenter\" src=\"https:\/\/www.kle-blatt.de\/blog\/wp-content\/uploads\/2016\/04\/hund.jpg\" alt=\"Hat Dich die Fr\u00fchjahrsm\u00fcdigkeit auch erwischt?\" width=\"850\" height=\"545\" \/><br \/>\n(Foto: KLE-Blatt)<\/p>\n","protected":false},"excerpt":{"rendered":"<p>Hat Dich die Fr\u00fchjahrsm\u00fcdigkeit auch erwischt? So wie diesem Hund geht es vermutlich momentan auch vielen Klevern. Etlichen von ihnen &hellip; <a href=\"https:\/\/www.kle-blatt.de\/blog\/kleve-in-foto-video\/aus-dem-privatalbum\/fruehjahrsmuedigkeit.html\" class=\"more-link\"><span class=\"more-button\">Weiterlesen<span class=\"screen-reader-text\">Hat Dich die Fr\u00fchjahrsm\u00fcdigkeit auch erwischt?<\/span><\/span><\/a><\/p>\n","protected":false},"author":2,"featured_media":18511,"comment_status":"closed","ping_status":"closed","sticky":false,"template":"","format":"standard","meta":{"footnotes":""},"categories":[20],"tags":[6308],"class_list":["post-18510","post","type-post","status-publish","format-standard","has-post-thumbnail","hentry","category-aus-dem-privatalbum","tag-hat-dich-die-fruehjahrsmuedigkeit-auch-erwischt"],"_links":{"self":[{"href":"https:\/\/www.kle-blatt.de\/blog\/wp-json\/wp\/v2\/posts\/18510","targetHints":{"allow":["GET"]}}],"collection":[{"href":"https:\/\/www.kle-blatt.de\/blog\/wp-json\/wp\/v2\/posts"}],"about":[{"href":"https:\/\/www.kle-blatt.de\/blog\/wp-json\/wp\/v2\/types\/post"}],"author":[{"embeddable":true,"href":"https:\/\/www.kle-blatt.de\/blog\/wp-json\/wp\/v2\/users\/2"}],"replies":[{"embeddable":true,"href":"https:\/\/www.kle-blatt.de\/blog\/wp-json\/wp\/v2\/comments?post=18510"}],"version-history":[{"count":2,"href":"https:\/\/www.kle-blatt.de\/blog\/wp-json\/wp\/v2\/posts\/18510\/revisions"}],"predecessor-version":[{"id":35099,"href":"https:\/\/www.kle-blatt.de\/blog\/wp-json\/wp\/v2\/posts\/18510\/revisions\/35099"}],"wp:featuredmedia":[{"embeddable":true,"href":"https:\/\/www.kle-blatt.de\/blog\/wp-json\/wp\/v2\/media\/18511"}],"wp:attachment":[{"href":"https:\/\/www.kle-blatt.de\/blog\/wp-json\/wp\/v2\/media?parent=18510"}],"wp:term":[{"taxonomy":"category","embeddable":true,"href":"https:\/\/www.kle-blatt.de\/blog\/wp-json\/wp\/v2\/categories?post=18510"},{"taxonomy":"post_tag","embeddable":true,"href":"https:\/\/www.kle-blatt.de\/blog\/wp-json\/wp\/v2\/tags?post=18510"}],"curies":[{"name":"wp","href":"https:\/\/api.w.org\/{rel}","templated":true}]}}