{"id":18671,"date":"2024-05-30T07:00:49","date_gmt":"2024-05-30T05:00:49","guid":{"rendered":"http:\/\/www.kle-blatt.de\/blog\/?p=18671"},"modified":"2024-04-03T11:02:16","modified_gmt":"2024-04-03T09:02:16","slug":"die-grosse-klever-fronleichnamsprozession","status":"publish","type":"post","link":"https:\/\/www.kle-blatt.de\/blog\/kleve-in-foto-video\/die-grosse-klever-fronleichnamsprozession.html","title":{"rendered":"Die gro\u00dfe Klever Fronleichnamsprozession"},"content":{"rendered":"<p><strong>Die gro\u00dfe Klever Fronleichnamsprozession<\/strong><\/p>\n<p>Etwa 5.000 Katholiken nahmen im Jahre 1953 an der als Glaubens-Demonstration bezeichneten Prozession teil. Die gro\u00dfe Fronleichnamsprozession, nach alter Tradition am Sonntag nach dem Sakramentsfest, sehen wir auf diesem Bild gerade durch die Kavarinerstra\u00dfe ziehen. Der damalige Pastor van Husen trug das Allerheiligste, vor dem die Gl\u00e4ubigen am Stra\u00dfenrand and\u00e4chtig niederknien.<\/p>\n<p><img loading=\"lazy\" decoding=\"async\" class=\"size-full wp-image-18672 aligncenter\" src=\"https:\/\/www.kle-blatt.de\/blog\/wp-content\/uploads\/2016\/04\/kavariner-fronleichnam.jpg\" alt=\"Die gro\u00dfe Klever Fronleichnamsprozession\" width=\"850\" height=\"578\" \/><br \/>\n(Foto: Fritz Getlinger \u2013 mit freundlicher Genehmigung von Frau Katrin Getlinger-Wessing)<\/p>\n","protected":false},"excerpt":{"rendered":"<p>Die gro\u00dfe Klever Fronleichnamsprozession Etwa 5.000 Katholiken nahmen im Jahre 1953 an der als Glaubens-Demonstration bezeichneten Prozession teil. Die gro\u00dfe &hellip; <a href=\"https:\/\/www.kle-blatt.de\/blog\/kleve-in-foto-video\/die-grosse-klever-fronleichnamsprozession.html\" class=\"more-link\"><span class=\"more-button\">Weiterlesen<span class=\"screen-reader-text\">Die gro\u00dfe Klever Fronleichnamsprozession<\/span><\/span><\/a><\/p>\n","protected":false},"author":2,"featured_media":18672,"comment_status":"closed","ping_status":"closed","sticky":false,"template":"","format":"standard","meta":{"footnotes":""},"categories":[3],"tags":[3907],"class_list":["post-18671","post","type-post","status-publish","format-standard","has-post-thumbnail","hentry","category-kleve-in-foto-video","tag-die-grosse-klever-fronleichnamsprozession"],"_links":{"self":[{"href":"https:\/\/www.kle-blatt.de\/blog\/wp-json\/wp\/v2\/posts\/18671","targetHints":{"allow":["GET"]}}],"collection":[{"href":"https:\/\/www.kle-blatt.de\/blog\/wp-json\/wp\/v2\/posts"}],"about":[{"href":"https:\/\/www.kle-blatt.de\/blog\/wp-json\/wp\/v2\/types\/post"}],"author":[{"embeddable":true,"href":"https:\/\/www.kle-blatt.de\/blog\/wp-json\/wp\/v2\/users\/2"}],"replies":[{"embeddable":true,"href":"https:\/\/www.kle-blatt.de\/blog\/wp-json\/wp\/v2\/comments?post=18671"}],"version-history":[{"count":2,"href":"https:\/\/www.kle-blatt.de\/blog\/wp-json\/wp\/v2\/posts\/18671\/revisions"}],"predecessor-version":[{"id":33757,"href":"https:\/\/www.kle-blatt.de\/blog\/wp-json\/wp\/v2\/posts\/18671\/revisions\/33757"}],"wp:featuredmedia":[{"embeddable":true,"href":"https:\/\/www.kle-blatt.de\/blog\/wp-json\/wp\/v2\/media\/18672"}],"wp:attachment":[{"href":"https:\/\/www.kle-blatt.de\/blog\/wp-json\/wp\/v2\/media?parent=18671"}],"wp:term":[{"taxonomy":"category","embeddable":true,"href":"https:\/\/www.kle-blatt.de\/blog\/wp-json\/wp\/v2\/categories?post=18671"},{"taxonomy":"post_tag","embeddable":true,"href":"https:\/\/www.kle-blatt.de\/blog\/wp-json\/wp\/v2\/tags?post=18671"}],"curies":[{"name":"wp","href":"https:\/\/api.w.org\/{rel}","templated":true}]}}