{"id":18709,"date":"2016-04-27T07:00:18","date_gmt":"2016-04-27T05:00:18","guid":{"rendered":"http:\/\/www.kle-blatt.de\/blog\/?p=18709"},"modified":"2016-04-26T11:36:34","modified_gmt":"2016-04-26T09:36:34","slug":"viele-privat-gaerten-sind-im-mai-wieder-geoeffnet","status":"publish","type":"post","link":"https:\/\/www.kle-blatt.de\/blog\/allgemein\/viele-privat-gaerten-sind-im-mai-wieder-geoeffnet.html","title":{"rendered":"Viele Privat-G\u00e4rten sind im Mai wieder ge\u00f6ffnet"},"content":{"rendered":"<p><strong>Viele Privat-G\u00e4rten sind im Mai wieder ge\u00f6ffnet<\/strong><\/p>\n<p><span style=\"font-family: Arial; font-size: small;\">Gartenliebhaber sollten es nicht verpassen, im Wonnemonat Mai die Offenen G\u00e4rten im Kleverland zu besuchen! Am Sonntag, den 01. Mai sind die G\u00e4rten Lucenz&amp;Bender und der Beyershof in Bedburg-Hau ge\u00f6ffnet und am Vatertag, 05. Mai, \u00f6ffnen die G\u00e4rten Deckers in Keeken und Plaza Alfonto in Kalkar. Auch am Muttertag, den 08. Mai ist die Auswahl gro\u00df: es \u00f6ffnen die G\u00e4rten gArten Atelier Peters in Asperden, Deckers in Kleve-Keeken und Plaza Alfonto in Kalkar. In Bedburg-Hau sind au\u00dferdem die G\u00e4rten Abbing, Imig-Gerold, Beyershof und Lucenz&amp;Bender ge\u00f6ffnet. Zum Eintrittspreis von 3 \u20ac kann man die Privatg\u00e4rten zwischen 11 und 17 Uhr besuchen, den gArten Atelier Peters sogar von 10 bis 18 Uhr. Erg\u00e4nzend gibt es am 08. Mai um 13 Uhr im Park des Museum Schloss Moyland eine Kr\u00e4utergartenf\u00fchrung. N\u00e4here Informationen zu den G\u00e4rten, Fotos und weitere Termine gibt es in einem Flyer, der in der Touristinfo Kleve, im Rathaus Bedburg-Hau und im Infozentrum Moyland ausliegt oder unter <\/span><a href=\"http:\/\/www.gaerten-kleverland.de\/\" target=\"_blank\"><span style=\"color: blue; font-family: Arial; font-size: small;\"><u>www.gaerten-kleverland.de<\/u><\/span><\/a><\/p>\n<p><span style=\"font-family: Arial; font-size: small;\"><img loading=\"lazy\" decoding=\"async\" class=\"alignleft size-full wp-image-18710\" src=\"http:\/\/www.kle-blatt.de\/blog\/wp-content\/uploads\/2016\/04\/garten-deckers-2016.jpg\" alt=\"garten deckers-2016\" width=\"650\" height=\"482\" srcset=\"https:\/\/www.kle-blatt.de\/blog\/wp-content\/uploads\/2016\/04\/garten-deckers-2016.jpg 650w, https:\/\/www.kle-blatt.de\/blog\/wp-content\/uploads\/2016\/04\/garten-deckers-2016-300x222.jpg 300w\" sizes=\"auto, (max-width: 650px) 100vw, 650px\" \/>. \u00a0<\/span><br \/>\n(Foto: Kleve-Tourismus)<\/p>\n","protected":false},"excerpt":{"rendered":"<p>Viele Privat-G\u00e4rten sind im Mai wieder ge\u00f6ffnet Gartenliebhaber sollten es nicht verpassen, im Wonnemonat Mai die Offenen G\u00e4rten im Kleverland &hellip; <a href=\"https:\/\/www.kle-blatt.de\/blog\/allgemein\/viele-privat-gaerten-sind-im-mai-wieder-geoeffnet.html\" class=\"more-link\"><span class=\"more-button\">Weiterlesen<span class=\"screen-reader-text\">Viele Privat-G\u00e4rten sind im Mai wieder ge\u00f6ffnet<\/span><\/span><\/a><\/p>\n","protected":false},"author":2,"featured_media":0,"comment_status":"open","ping_status":"closed","sticky":false,"template":"","format":"standard","meta":{"footnotes":""},"categories":[1],"tags":[3916],"class_list":["post-18709","post","type-post","status-publish","format-standard","hentry","category-allgemein","tag-viele-privat-gaerten-sind-im-mai-wieder-geoeffnet"],"_links":{"self":[{"href":"https:\/\/www.kle-blatt.de\/blog\/wp-json\/wp\/v2\/posts\/18709","targetHints":{"allow":["GET"]}}],"collection":[{"href":"https:\/\/www.kle-blatt.de\/blog\/wp-json\/wp\/v2\/posts"}],"about":[{"href":"https:\/\/www.kle-blatt.de\/blog\/wp-json\/wp\/v2\/types\/post"}],"author":[{"embeddable":true,"href":"https:\/\/www.kle-blatt.de\/blog\/wp-json\/wp\/v2\/users\/2"}],"replies":[{"embeddable":true,"href":"https:\/\/www.kle-blatt.de\/blog\/wp-json\/wp\/v2\/comments?post=18709"}],"version-history":[{"count":0,"href":"https:\/\/www.kle-blatt.de\/blog\/wp-json\/wp\/v2\/posts\/18709\/revisions"}],"wp:attachment":[{"href":"https:\/\/www.kle-blatt.de\/blog\/wp-json\/wp\/v2\/media?parent=18709"}],"wp:term":[{"taxonomy":"category","embeddable":true,"href":"https:\/\/www.kle-blatt.de\/blog\/wp-json\/wp\/v2\/categories?post=18709"},{"taxonomy":"post_tag","embeddable":true,"href":"https:\/\/www.kle-blatt.de\/blog\/wp-json\/wp\/v2\/tags?post=18709"}],"curies":[{"name":"wp","href":"https:\/\/api.w.org\/{rel}","templated":true}]}}