{"id":18747,"date":"2023-05-03T07:30:57","date_gmt":"2023-05-03T05:30:57","guid":{"rendered":"http:\/\/www.kle-blatt.de\/blog\/?p=18747"},"modified":"2023-04-29T12:38:13","modified_gmt":"2023-04-29T10:38:13","slug":"der-ueberfuellte-union-parkplatz","status":"publish","type":"post","link":"https:\/\/www.kle-blatt.de\/blog\/kleve-in-foto-video\/aus-dem-privatalbum\/der-ueberfuellte-union-parkplatz.html","title":{"rendered":"Hast Du hier auch Dein Auto abgestellt? Der \u00fcberf\u00fcllte Union-Parkplatz"},"content":{"rendered":"<p><strong>Hast Du hier auch Dein Auto abgestellt? Der \u00fcberf\u00fcllte Union-Parkplatz<\/strong><\/p>\n<p>Viele Klever werden dieses PKW-Gedr\u00e4nge noch in Erinnerung haben. Als die Margarine-Union in Kellen noch aktive Produktionsst\u00e4tte war, wurde es eng auf den Parkpl\u00e4tzen f\u00fcr die Mitarbeiter. Wie man sieht, parkte man schon in zweiter Reihe. Wir sehen noch den direkten Bahn-Anschluss und rechts oben den Klever Bahnhof.<\/p>\n<p><img loading=\"lazy\" decoding=\"async\" class=\"alignleft size-full wp-image-18748\" src=\"https:\/\/www.kle-blatt.de\/blog\/wp-content\/uploads\/2016\/04\/parkplatz-van-den-bergh-klein.jpg\" alt=\"Hast Du hier auch Dein Auto abgestellt? Der \u00fcberf\u00fcllte Union-Parkplatz\" width=\"850\" height=\"656\" \/><br \/>\n(Foto: Fritz Wippich)<\/p>\n","protected":false},"excerpt":{"rendered":"<p>Hast Du hier auch Dein Auto abgestellt? Der \u00fcberf\u00fcllte Union-Parkplatz Viele Klever werden dieses PKW-Gedr\u00e4nge noch in Erinnerung haben. Als &hellip; <a href=\"https:\/\/www.kle-blatt.de\/blog\/kleve-in-foto-video\/aus-dem-privatalbum\/der-ueberfuellte-union-parkplatz.html\" class=\"more-link\"><span class=\"more-button\">Weiterlesen<span class=\"screen-reader-text\">Hast Du hier auch Dein Auto abgestellt? Der \u00fcberf\u00fcllte Union-Parkplatz<\/span><\/span><\/a><\/p>\n","protected":false},"author":2,"featured_media":18748,"comment_status":"open","ping_status":"closed","sticky":false,"template":"","format":"standard","meta":{"footnotes":""},"categories":[20],"tags":[5350],"class_list":["post-18747","post","type-post","status-publish","format-standard","has-post-thumbnail","hentry","category-aus-dem-privatalbum","tag-hast-du-hier-auch-dein-auto-abgestellt-der-ueberfuellte-union-parkplatz"],"_links":{"self":[{"href":"https:\/\/www.kle-blatt.de\/blog\/wp-json\/wp\/v2\/posts\/18747","targetHints":{"allow":["GET"]}}],"collection":[{"href":"https:\/\/www.kle-blatt.de\/blog\/wp-json\/wp\/v2\/posts"}],"about":[{"href":"https:\/\/www.kle-blatt.de\/blog\/wp-json\/wp\/v2\/types\/post"}],"author":[{"embeddable":true,"href":"https:\/\/www.kle-blatt.de\/blog\/wp-json\/wp\/v2\/users\/2"}],"replies":[{"embeddable":true,"href":"https:\/\/www.kle-blatt.de\/blog\/wp-json\/wp\/v2\/comments?post=18747"}],"version-history":[{"count":2,"href":"https:\/\/www.kle-blatt.de\/blog\/wp-json\/wp\/v2\/posts\/18747\/revisions"}],"predecessor-version":[{"id":32112,"href":"https:\/\/www.kle-blatt.de\/blog\/wp-json\/wp\/v2\/posts\/18747\/revisions\/32112"}],"wp:featuredmedia":[{"embeddable":true,"href":"https:\/\/www.kle-blatt.de\/blog\/wp-json\/wp\/v2\/media\/18748"}],"wp:attachment":[{"href":"https:\/\/www.kle-blatt.de\/blog\/wp-json\/wp\/v2\/media?parent=18747"}],"wp:term":[{"taxonomy":"category","embeddable":true,"href":"https:\/\/www.kle-blatt.de\/blog\/wp-json\/wp\/v2\/categories?post=18747"},{"taxonomy":"post_tag","embeddable":true,"href":"https:\/\/www.kle-blatt.de\/blog\/wp-json\/wp\/v2\/tags?post=18747"}],"curies":[{"name":"wp","href":"https:\/\/api.w.org\/{rel}","templated":true}]}}