{"id":18828,"date":"2025-06-20T06:10:22","date_gmt":"2025-06-20T04:10:22","guid":{"rendered":"http:\/\/www.kle-blatt.de\/blog\/?p=18828"},"modified":"2025-04-14T11:09:59","modified_gmt":"2025-04-14T09:09:59","slug":"ein-klever-bild-der-achtziger","status":"publish","type":"post","link":"https:\/\/www.kle-blatt.de\/blog\/kleve-in-foto-video\/ein-klever-bild-der-achtziger.html","title":{"rendered":"Kennst Du dieses Klever Bild der Achtziger?"},"content":{"rendered":"<p><strong>Kennst Du dieses Klever Bild der Achtziger?<\/strong><\/p>\n<p>Viele Kleverinnen und Klever B\u00fcrger werden sich noch an diesen Anblick erinnern. Wir sehen hier die Ecke Tiergartenstra\u00dfe\/ Spyckstra\u00dfe, wo damals in den Achtzigern noch Fernseh- und K\u00fcchenstudio Riede beheimatet war. Dahinter erkennt man ebenfalls noch die Markise des REWE-Marktes R\u00fcbo.<\/p>\n<p><img loading=\"lazy\" decoding=\"async\" class=\"size-full wp-image-18829 aligncenter\" src=\"https:\/\/www.kle-blatt.de\/blog\/wp-content\/uploads\/2016\/05\/riede-klein.jpg\" alt=\"Kennst Du dieses Klever Bild der Achtziger?\" width=\"850\" height=\"594\" \/><br \/>\n(Foto: Alfred Derks)<\/p>\n","protected":false},"excerpt":{"rendered":"<p>Kennst Du dieses Klever Bild der Achtziger? Viele Kleverinnen und Klever B\u00fcrger werden sich noch an diesen Anblick erinnern. Wir &hellip; <a href=\"https:\/\/www.kle-blatt.de\/blog\/kleve-in-foto-video\/ein-klever-bild-der-achtziger.html\" class=\"more-link\"><span class=\"more-button\">Weiterlesen<span class=\"screen-reader-text\">Kennst Du dieses Klever Bild der Achtziger?<\/span><\/span><\/a><\/p>\n","protected":false},"author":2,"featured_media":18829,"comment_status":"closed","ping_status":"closed","sticky":false,"template":"","format":"standard","meta":{"footnotes":""},"categories":[3],"tags":[3928],"class_list":["post-18828","post","type-post","status-publish","format-standard","has-post-thumbnail","hentry","category-kleve-in-foto-video","tag-ein-klever-bild-der-achtziger"],"_links":{"self":[{"href":"https:\/\/www.kle-blatt.de\/blog\/wp-json\/wp\/v2\/posts\/18828","targetHints":{"allow":["GET"]}}],"collection":[{"href":"https:\/\/www.kle-blatt.de\/blog\/wp-json\/wp\/v2\/posts"}],"about":[{"href":"https:\/\/www.kle-blatt.de\/blog\/wp-json\/wp\/v2\/types\/post"}],"author":[{"embeddable":true,"href":"https:\/\/www.kle-blatt.de\/blog\/wp-json\/wp\/v2\/users\/2"}],"replies":[{"embeddable":true,"href":"https:\/\/www.kle-blatt.de\/blog\/wp-json\/wp\/v2\/comments?post=18828"}],"version-history":[{"count":3,"href":"https:\/\/www.kle-blatt.de\/blog\/wp-json\/wp\/v2\/posts\/18828\/revisions"}],"predecessor-version":[{"id":27351,"href":"https:\/\/www.kle-blatt.de\/blog\/wp-json\/wp\/v2\/posts\/18828\/revisions\/27351"}],"wp:featuredmedia":[{"embeddable":true,"href":"https:\/\/www.kle-blatt.de\/blog\/wp-json\/wp\/v2\/media\/18829"}],"wp:attachment":[{"href":"https:\/\/www.kle-blatt.de\/blog\/wp-json\/wp\/v2\/media?parent=18828"}],"wp:term":[{"taxonomy":"category","embeddable":true,"href":"https:\/\/www.kle-blatt.de\/blog\/wp-json\/wp\/v2\/categories?post=18828"},{"taxonomy":"post_tag","embeddable":true,"href":"https:\/\/www.kle-blatt.de\/blog\/wp-json\/wp\/v2\/tags?post=18828"}],"curies":[{"name":"wp","href":"https:\/\/api.w.org\/{rel}","templated":true}]}}