{"id":18873,"date":"2021-06-15T06:10:24","date_gmt":"2021-06-15T04:10:24","guid":{"rendered":"http:\/\/www.kle-blatt.de\/blog\/?p=18873"},"modified":"2021-05-17T12:37:15","modified_gmt":"2021-05-17T10:37:15","slug":"kakao-und-schokolade-von-bensdorp-aus-kleve","status":"publish","type":"post","link":"https:\/\/www.kle-blatt.de\/blog\/kleve-in-foto-video\/aus-dem-privatalbum\/kakao-und-schokolade-von-bensdorp-aus-kleve.html","title":{"rendered":"Kakao und Schokolade von Bensdorp aus Kleve"},"content":{"rendered":"<p><strong>Kakao und Schokolade von Bensdorp aus Kleve<\/strong><\/p>\n<p>Der eigent\u00fcmliche Duft, der in den Sechzigern \u00fcber der Stadt lag, stammt aus diesem Werk. Hier sehen wir, wie Bensdorp damals aussah. Das Efeu begann gerade, Herr \u00fcber das Gem\u00e4uer der Schokoladen-Fabrik zu werden. Wer mehr \u00fcber das Unternehmen erfahren m\u00f6chte, findet hier bei KLE-Blatt zahlreiche Berichte mit tollen Fotos. Schau mal rein:<\/p>\n<p><a href=\"http:\/\/www.kle-blatt.de\/blog\/?s=bensdorp\"><span style=\"color: #ff0000;\"><strong>KLICK MICH!<\/strong><\/span><\/a><\/p>\n<p><img loading=\"lazy\" decoding=\"async\" class=\"size-full wp-image-18874 aligncenter\" src=\"https:\/\/www.kle-blatt.de\/blog\/wp-content\/uploads\/2016\/05\/bensdorp-klein.jpg\" alt=\"Kakao und Schokolade von Bensdorp aus Kleve\" width=\"850\" height=\"576\" \/><br \/>\n(Foto: Fritz Wippich)<\/p>\n","protected":false},"excerpt":{"rendered":"<p>Kakao und Schokolade von Bensdorp aus Kleve Der eigent\u00fcmliche Duft, der in den Sechzigern \u00fcber der Stadt lag, stammt aus &hellip; <a href=\"https:\/\/www.kle-blatt.de\/blog\/kleve-in-foto-video\/aus-dem-privatalbum\/kakao-und-schokolade-von-bensdorp-aus-kleve.html\" class=\"more-link\"><span class=\"more-button\">Weiterlesen<span class=\"screen-reader-text\">Kakao und Schokolade von Bensdorp aus Kleve<\/span><\/span><\/a><\/p>\n","protected":false},"author":2,"featured_media":18874,"comment_status":"open","ping_status":"closed","sticky":false,"template":"","format":"standard","meta":{"footnotes":""},"categories":[20],"tags":[3941],"class_list":["post-18873","post","type-post","status-publish","format-standard","has-post-thumbnail","hentry","category-aus-dem-privatalbum","tag-kakao-und-schokolade-von-bensdorp-aus-kleve"],"_links":{"self":[{"href":"https:\/\/www.kle-blatt.de\/blog\/wp-json\/wp\/v2\/posts\/18873","targetHints":{"allow":["GET"]}}],"collection":[{"href":"https:\/\/www.kle-blatt.de\/blog\/wp-json\/wp\/v2\/posts"}],"about":[{"href":"https:\/\/www.kle-blatt.de\/blog\/wp-json\/wp\/v2\/types\/post"}],"author":[{"embeddable":true,"href":"https:\/\/www.kle-blatt.de\/blog\/wp-json\/wp\/v2\/users\/2"}],"replies":[{"embeddable":true,"href":"https:\/\/www.kle-blatt.de\/blog\/wp-json\/wp\/v2\/comments?post=18873"}],"version-history":[{"count":2,"href":"https:\/\/www.kle-blatt.de\/blog\/wp-json\/wp\/v2\/posts\/18873\/revisions"}],"predecessor-version":[{"id":28779,"href":"https:\/\/www.kle-blatt.de\/blog\/wp-json\/wp\/v2\/posts\/18873\/revisions\/28779"}],"wp:featuredmedia":[{"embeddable":true,"href":"https:\/\/www.kle-blatt.de\/blog\/wp-json\/wp\/v2\/media\/18874"}],"wp:attachment":[{"href":"https:\/\/www.kle-blatt.de\/blog\/wp-json\/wp\/v2\/media?parent=18873"}],"wp:term":[{"taxonomy":"category","embeddable":true,"href":"https:\/\/www.kle-blatt.de\/blog\/wp-json\/wp\/v2\/categories?post=18873"},{"taxonomy":"post_tag","embeddable":true,"href":"https:\/\/www.kle-blatt.de\/blog\/wp-json\/wp\/v2\/tags?post=18873"}],"curies":[{"name":"wp","href":"https:\/\/api.w.org\/{rel}","templated":true}]}}