{"id":18885,"date":"2025-06-24T06:30:03","date_gmt":"2025-06-24T04:30:03","guid":{"rendered":"http:\/\/www.kle-blatt.de\/blog\/?p=18885"},"modified":"2025-04-14T10:55:02","modified_gmt":"2025-04-14T08:55:02","slug":"cafe-heselmann-in-kleve","status":"publish","type":"post","link":"https:\/\/www.kle-blatt.de\/blog\/kleve-in-foto-video\/cafe-heselmann-in-kleve.html","title":{"rendered":"Hier auch getanzt? Cafe&#8216; Heselmann in Kleve"},"content":{"rendered":"<p><strong>Hier auch getanzt? Cafe&#8216; Heselmann in Kleve<\/strong><\/p>\n<p>Zu Zeiten, als man noch zum Tanz-Tee ging und in den Treffpunkten der Jugend Live-Musik spielte, zog es die Menschen in Kleve auch ins damalige Cafe&#8216; Heselmann an der Gustav-Hoffmann-Allee. Man verf\u00fcgte \u00fcber das notwendige Flair und bot neben gepflegten Speisen und Getr\u00e4nken eine nette Bar an und sogar eine beleuchtete Tanzfl\u00e4che. T\u00e4glich au\u00dfer am Dienstag bot man Tanzmusik. Dann sah und h\u00f6rte man in- und ausl\u00e4ndische Spitzenkapellen. So eine Werbeanzeige aus dieser Zeit. Und ganz unbescheiden f\u00fchlte man sich als f\u00fchrendes Tanzcafe&#8216; am unteren Niederrhein.<\/p>\n<p><img loading=\"lazy\" decoding=\"async\" class=\"size-full wp-image-18886 aligncenter\" src=\"https:\/\/www.kle-blatt.de\/blog\/wp-content\/uploads\/2016\/05\/cafe-heselmann-klein.jpg\" alt=\"Hier auch getanzt? Cafe' Heselmann in Kleve\" width=\"849\" height=\"504\" \/><\/p>\n","protected":false},"excerpt":{"rendered":"<p>Hier auch getanzt? Cafe&#8216; Heselmann in Kleve Zu Zeiten, als man noch zum Tanz-Tee ging und in den Treffpunkten der &hellip; <a href=\"https:\/\/www.kle-blatt.de\/blog\/kleve-in-foto-video\/cafe-heselmann-in-kleve.html\" class=\"more-link\"><span class=\"more-button\">Weiterlesen<span class=\"screen-reader-text\">Hier auch getanzt? Cafe&#8216; Heselmann in Kleve<\/span><\/span><\/a><\/p>\n","protected":false},"author":2,"featured_media":18886,"comment_status":"closed","ping_status":"closed","sticky":false,"template":"","format":"standard","meta":{"footnotes":""},"categories":[3,5279],"tags":[3945],"class_list":["post-18885","post","type-post","status-publish","format-standard","has-post-thumbnail","hentry","category-kleve-in-foto-video","category-klever-musik-und-diskoszene","tag-cafe-heselmann-in-kleve"],"_links":{"self":[{"href":"https:\/\/www.kle-blatt.de\/blog\/wp-json\/wp\/v2\/posts\/18885","targetHints":{"allow":["GET"]}}],"collection":[{"href":"https:\/\/www.kle-blatt.de\/blog\/wp-json\/wp\/v2\/posts"}],"about":[{"href":"https:\/\/www.kle-blatt.de\/blog\/wp-json\/wp\/v2\/types\/post"}],"author":[{"embeddable":true,"href":"https:\/\/www.kle-blatt.de\/blog\/wp-json\/wp\/v2\/users\/2"}],"replies":[{"embeddable":true,"href":"https:\/\/www.kle-blatt.de\/blog\/wp-json\/wp\/v2\/comments?post=18885"}],"version-history":[{"count":3,"href":"https:\/\/www.kle-blatt.de\/blog\/wp-json\/wp\/v2\/posts\/18885\/revisions"}],"predecessor-version":[{"id":35339,"href":"https:\/\/www.kle-blatt.de\/blog\/wp-json\/wp\/v2\/posts\/18885\/revisions\/35339"}],"wp:featuredmedia":[{"embeddable":true,"href":"https:\/\/www.kle-blatt.de\/blog\/wp-json\/wp\/v2\/media\/18886"}],"wp:attachment":[{"href":"https:\/\/www.kle-blatt.de\/blog\/wp-json\/wp\/v2\/media?parent=18885"}],"wp:term":[{"taxonomy":"category","embeddable":true,"href":"https:\/\/www.kle-blatt.de\/blog\/wp-json\/wp\/v2\/categories?post=18885"},{"taxonomy":"post_tag","embeddable":true,"href":"https:\/\/www.kle-blatt.de\/blog\/wp-json\/wp\/v2\/tags?post=18885"}],"curies":[{"name":"wp","href":"https:\/\/api.w.org\/{rel}","templated":true}]}}