{"id":18899,"date":"2025-06-30T06:30:51","date_gmt":"2025-06-30T04:30:51","guid":{"rendered":"http:\/\/www.kle-blatt.de\/blog\/?p=18899"},"modified":"2025-04-14T11:23:18","modified_gmt":"2025-04-14T09:23:18","slug":"sommer-spass-im-freibad-von-kellen","status":"publish","type":"post","link":"https:\/\/www.kle-blatt.de\/blog\/kleve-in-foto-video\/sommer-spass-im-freibad-von-kellen.html","title":{"rendered":"Auch erlebt? Sommer-Spa\u00df im Freibad von Kellen"},"content":{"rendered":"<p><strong>Auch erlebt? Sommer-Spa\u00df im Freibad von Kellen<\/strong><\/p>\n<p>Der Schein tr\u00fcgt. Es war eigentlich noch nicht viel los im Freibad von Kellen, als dieses Foto geschossen wurde. Etwas sp\u00e4ter an so hei\u00dfen Sommertagen konnte man vor lauter Menschen das Wasser kaum noch sichten und ein Platz zum Sonnen auf der Liegewiese war so selten wie manche Briefmarke. Die Gespr\u00e4chs-, Kreisch- und Krach-Kulisse war vermutlich h\u00f6her als bei einem Rock-Konzert von AC\/DC. Aber wer dabei war, hat es genossen.<\/p>\n<p><img loading=\"lazy\" decoding=\"async\" class=\"size-full wp-image-18900 aligncenter\" src=\"https:\/\/www.kle-blatt.de\/blog\/wp-content\/uploads\/2016\/05\/k\u00e4lle-min-heimat.jpg\" alt=\"Auch erlebt? Sommer-Spa\u00df im Freibad von Kellen\" width=\"850\" height=\"655\" \/><br \/>\n(Foto aus: &#8222;K\u00e4lle min Heimat&#8220;)<\/p>\n","protected":false},"excerpt":{"rendered":"<p>Auch erlebt? Sommer-Spa\u00df im Freibad von Kellen Der Schein tr\u00fcgt. Es war eigentlich noch nicht viel los im Freibad von &hellip; <a href=\"https:\/\/www.kle-blatt.de\/blog\/kleve-in-foto-video\/sommer-spass-im-freibad-von-kellen.html\" class=\"more-link\"><span class=\"more-button\">Weiterlesen<span class=\"screen-reader-text\">Auch erlebt? Sommer-Spa\u00df im Freibad von Kellen<\/span><\/span><\/a><\/p>\n","protected":false},"author":2,"featured_media":18900,"comment_status":"closed","ping_status":"closed","sticky":false,"template":"","format":"standard","meta":{"footnotes":""},"categories":[3],"tags":[3949],"class_list":["post-18899","post","type-post","status-publish","format-standard","has-post-thumbnail","hentry","category-kleve-in-foto-video","tag-sommer-spass-im-freibad-von-kellen"],"_links":{"self":[{"href":"https:\/\/www.kle-blatt.de\/blog\/wp-json\/wp\/v2\/posts\/18899","targetHints":{"allow":["GET"]}}],"collection":[{"href":"https:\/\/www.kle-blatt.de\/blog\/wp-json\/wp\/v2\/posts"}],"about":[{"href":"https:\/\/www.kle-blatt.de\/blog\/wp-json\/wp\/v2\/types\/post"}],"author":[{"embeddable":true,"href":"https:\/\/www.kle-blatt.de\/blog\/wp-json\/wp\/v2\/users\/2"}],"replies":[{"embeddable":true,"href":"https:\/\/www.kle-blatt.de\/blog\/wp-json\/wp\/v2\/comments?post=18899"}],"version-history":[{"count":3,"href":"https:\/\/www.kle-blatt.de\/blog\/wp-json\/wp\/v2\/posts\/18899\/revisions"}],"predecessor-version":[{"id":35348,"href":"https:\/\/www.kle-blatt.de\/blog\/wp-json\/wp\/v2\/posts\/18899\/revisions\/35348"}],"wp:featuredmedia":[{"embeddable":true,"href":"https:\/\/www.kle-blatt.de\/blog\/wp-json\/wp\/v2\/media\/18900"}],"wp:attachment":[{"href":"https:\/\/www.kle-blatt.de\/blog\/wp-json\/wp\/v2\/media?parent=18899"}],"wp:term":[{"taxonomy":"category","embeddable":true,"href":"https:\/\/www.kle-blatt.de\/blog\/wp-json\/wp\/v2\/categories?post=18899"},{"taxonomy":"post_tag","embeddable":true,"href":"https:\/\/www.kle-blatt.de\/blog\/wp-json\/wp\/v2\/tags?post=18899"}],"curies":[{"name":"wp","href":"https:\/\/api.w.org\/{rel}","templated":true}]}}