{"id":18931,"date":"2021-06-17T06:10:35","date_gmt":"2021-06-17T04:10:35","guid":{"rendered":"http:\/\/www.kle-blatt.de\/blog\/?p=18931"},"modified":"2021-05-17T12:42:17","modified_gmt":"2021-05-17T10:42:17","slug":"der-himmel-ueber-kleve","status":"publish","type":"post","link":"https:\/\/www.kle-blatt.de\/blog\/kleve-in-foto-video\/der-himmel-ueber-kleve.html","title":{"rendered":"Der Himmel \u00fcber Kleve"},"content":{"rendered":"<p><strong>Der Himmel \u00fcber Kleve<\/strong><\/p>\n<p>Ein sehr weiter Himmel bestimmt in erster Linie dieses Stadtbild von Kleve vor dem Krieg. Links am Horizont erkennt man noch die Gro\u00dfe M\u00fchle von Teurling. Weiter die Schwanenburg und die Stiftskirche. Ansonsten gestaltet sich der Anblick noch sehr \u00fcbersichtlich. Noch jede Menge Bau-Grundst\u00fccke, die heutzutage alle vergeben sind. \ud83d\ude09<\/p>\n<p><img loading=\"lazy\" decoding=\"async\" class=\"size-full wp-image-18932 aligncenter\" src=\"https:\/\/www.kle-blatt.de\/blog\/wp-content\/uploads\/2016\/05\/KA-Kle-F6-Kleve-LXIII-9-klein.jpg\" alt=\"Der Himmel \u00fcber Kleve\" width=\"850\" height=\"577\" \/><br \/>\n(Foto: Ewald Steiger &#8211; \u00a9 Kreisarchiv Kleve &#8211; KA Kle F6, Kleve LXIII 9)<\/p>\n","protected":false},"excerpt":{"rendered":"<p>Der Himmel \u00fcber Kleve Ein sehr weiter Himmel bestimmt in erster Linie dieses Stadtbild von Kleve vor dem Krieg. Links &hellip; <a href=\"https:\/\/www.kle-blatt.de\/blog\/kleve-in-foto-video\/der-himmel-ueber-kleve.html\" class=\"more-link\"><span class=\"more-button\">Weiterlesen<span class=\"screen-reader-text\">Der Himmel \u00fcber Kleve<\/span><\/span><\/a><\/p>\n","protected":false},"author":2,"featured_media":18932,"comment_status":"open","ping_status":"closed","sticky":false,"template":"","format":"standard","meta":{"footnotes":""},"categories":[3],"tags":[3959],"class_list":["post-18931","post","type-post","status-publish","format-standard","has-post-thumbnail","hentry","category-kleve-in-foto-video","tag-der-himmel-ueber-kleve"],"_links":{"self":[{"href":"https:\/\/www.kle-blatt.de\/blog\/wp-json\/wp\/v2\/posts\/18931","targetHints":{"allow":["GET"]}}],"collection":[{"href":"https:\/\/www.kle-blatt.de\/blog\/wp-json\/wp\/v2\/posts"}],"about":[{"href":"https:\/\/www.kle-blatt.de\/blog\/wp-json\/wp\/v2\/types\/post"}],"author":[{"embeddable":true,"href":"https:\/\/www.kle-blatt.de\/blog\/wp-json\/wp\/v2\/users\/2"}],"replies":[{"embeddable":true,"href":"https:\/\/www.kle-blatt.de\/blog\/wp-json\/wp\/v2\/comments?post=18931"}],"version-history":[{"count":2,"href":"https:\/\/www.kle-blatt.de\/blog\/wp-json\/wp\/v2\/posts\/18931\/revisions"}],"predecessor-version":[{"id":28783,"href":"https:\/\/www.kle-blatt.de\/blog\/wp-json\/wp\/v2\/posts\/18931\/revisions\/28783"}],"wp:featuredmedia":[{"embeddable":true,"href":"https:\/\/www.kle-blatt.de\/blog\/wp-json\/wp\/v2\/media\/18932"}],"wp:attachment":[{"href":"https:\/\/www.kle-blatt.de\/blog\/wp-json\/wp\/v2\/media?parent=18931"}],"wp:term":[{"taxonomy":"category","embeddable":true,"href":"https:\/\/www.kle-blatt.de\/blog\/wp-json\/wp\/v2\/categories?post=18931"},{"taxonomy":"post_tag","embeddable":true,"href":"https:\/\/www.kle-blatt.de\/blog\/wp-json\/wp\/v2\/tags?post=18931"}],"curies":[{"name":"wp","href":"https:\/\/api.w.org\/{rel}","templated":true}]}}