{"id":18937,"date":"2025-06-09T07:20:55","date_gmt":"2025-06-09T05:20:55","guid":{"rendered":"http:\/\/www.kle-blatt.de\/blog\/?p=18937"},"modified":"2025-04-14T10:34:35","modified_gmt":"2025-04-14T08:34:35","slug":"vom-verkehrs-pavillon-auf-die-grosse-strasse","status":"publish","type":"post","link":"https:\/\/www.kle-blatt.de\/blog\/kleve-in-foto-video\/aus-dem-privatalbum\/vom-verkehrs-pavillon-auf-die-grosse-strasse.html","title":{"rendered":"Vom Verkehrs-Pavillon auf die Gro\u00dfe Stra\u00dfe"},"content":{"rendered":"<p><strong>Vom Verkehrs-Pavillon auf die Gro\u00dfe Stra\u00dfe<\/strong><\/p>\n<p>Nachdem der legend\u00e4re Verkehrs-Pavillon an der Herzogbr\u00fccke dem Abriss-Bagger zum Opfer gefallen war, zog die Firma Nolden &amp; Kreusch mit ihrem Reiseb\u00fcro im Jahre 1980 auf die Gro\u00dfe Stra\u00dfe, wo man heute immer noch Reisebuchungen durchf\u00fchrt. Hier sehen wir ein Foto vom Er\u00f6ffnungstag mit einem f\u00fcr dieses Ereignis passenden bunten Blumenstrau\u00df.<\/p>\n<p><img loading=\"lazy\" decoding=\"async\" class=\"size-full wp-image-18938 aligncenter\" src=\"https:\/\/www.kle-blatt.de\/blog\/wp-content\/uploads\/2016\/05\/er\u00f6ffnung-.jpg\" alt=\"Vom Verkehrs-Pavillon auf die Gro\u00dfe Stra\u00dfe\" width=\"850\" height=\"543\" \/><br \/>\n(Foto: Theo Kreusch)<\/p>\n","protected":false},"excerpt":{"rendered":"<p>Vom Verkehrs-Pavillon auf die Gro\u00dfe Stra\u00dfe Nachdem der legend\u00e4re Verkehrs-Pavillon an der Herzogbr\u00fccke dem Abriss-Bagger zum Opfer gefallen war, zog &hellip; <a href=\"https:\/\/www.kle-blatt.de\/blog\/kleve-in-foto-video\/aus-dem-privatalbum\/vom-verkehrs-pavillon-auf-die-grosse-strasse.html\" class=\"more-link\"><span class=\"more-button\">Weiterlesen<span class=\"screen-reader-text\">Vom Verkehrs-Pavillon auf die Gro\u00dfe Stra\u00dfe<\/span><\/span><\/a><\/p>\n","protected":false},"author":2,"featured_media":18938,"comment_status":"closed","ping_status":"closed","sticky":false,"template":"","format":"standard","meta":{"footnotes":""},"categories":[20],"tags":[3961],"class_list":["post-18937","post","type-post","status-publish","format-standard","has-post-thumbnail","hentry","category-aus-dem-privatalbum","tag-vom-verkehrs-pavillon-auf-die-grosse-strasse"],"_links":{"self":[{"href":"https:\/\/www.kle-blatt.de\/blog\/wp-json\/wp\/v2\/posts\/18937","targetHints":{"allow":["GET"]}}],"collection":[{"href":"https:\/\/www.kle-blatt.de\/blog\/wp-json\/wp\/v2\/posts"}],"about":[{"href":"https:\/\/www.kle-blatt.de\/blog\/wp-json\/wp\/v2\/types\/post"}],"author":[{"embeddable":true,"href":"https:\/\/www.kle-blatt.de\/blog\/wp-json\/wp\/v2\/users\/2"}],"replies":[{"embeddable":true,"href":"https:\/\/www.kle-blatt.de\/blog\/wp-json\/wp\/v2\/comments?post=18937"}],"version-history":[{"count":2,"href":"https:\/\/www.kle-blatt.de\/blog\/wp-json\/wp\/v2\/posts\/18937\/revisions"}],"predecessor-version":[{"id":35333,"href":"https:\/\/www.kle-blatt.de\/blog\/wp-json\/wp\/v2\/posts\/18937\/revisions\/35333"}],"wp:featuredmedia":[{"embeddable":true,"href":"https:\/\/www.kle-blatt.de\/blog\/wp-json\/wp\/v2\/media\/18938"}],"wp:attachment":[{"href":"https:\/\/www.kle-blatt.de\/blog\/wp-json\/wp\/v2\/media?parent=18937"}],"wp:term":[{"taxonomy":"category","embeddable":true,"href":"https:\/\/www.kle-blatt.de\/blog\/wp-json\/wp\/v2\/categories?post=18937"},{"taxonomy":"post_tag","embeddable":true,"href":"https:\/\/www.kle-blatt.de\/blog\/wp-json\/wp\/v2\/tags?post=18937"}],"curies":[{"name":"wp","href":"https:\/\/api.w.org\/{rel}","templated":true}]}}