{"id":18955,"date":"2025-06-15T06:30:23","date_gmt":"2025-06-15T04:30:23","guid":{"rendered":"http:\/\/www.kle-blatt.de\/blog\/?p=18955"},"modified":"2025-04-14T09:43:23","modified_gmt":"2025-04-14T07:43:23","slug":"schuetzenzug-in-kellen","status":"publish","type":"post","link":"https:\/\/www.kle-blatt.de\/blog\/kleve-in-foto-video\/schuetzenzug-in-kellen.html","title":{"rendered":"Ist das heute auch noch so? Sch\u00fctzenzug in Kellen"},"content":{"rendered":"<p><strong>Ist das heute auch noch so? Sch\u00fctzenzug in Kellen<\/strong><\/p>\n<p>Reichlich Anh\u00e4ngerschaft begleitete diesen Sch\u00fctzenzug in Kellen im Jahre 1958. Die Freizeit-Aktivit\u00e4ten beschr\u00e4nkten sich damals auf Kneipen-Gespr\u00e4che, Kegeln, Brieftauben, Kaninchenzucht oder eben dem Vereinsleben in einem Sch\u00fctzenverein. Dort bekam man einen flauschigen Federhut und eine z\u00fcnftige Uniform, der man im Laufe der Zeit dann einen Orden nach dem anderen hinzuf\u00fcgen konnte. Und bei etwas Gl\u00fcck durfte man dann auch mal die gro\u00dfe Kette des Sch\u00fctzenk\u00f6nigs tragen. Dann war man der Star auf dem Kr\u00f6nungsball und die eigene Frau sowie die Damen des &#8222;Throns&#8220; mussten extra zu diesem Anlass ein neues Ball-Kleid kaufen, was in erster Linie die M\u00e4nner \u00e4rgerte. Hat sich daran bis heute eigentlich etwas ge\u00e4ndert. \ud83d\ude09<\/p>\n<p><img loading=\"lazy\" decoding=\"async\" class=\"size-full wp-image-18956 aligncenter\" src=\"https:\/\/www.kle-blatt.de\/blog\/wp-content\/uploads\/2016\/05\/sch\u00fctzenzug-kellen-1958-klein.jpg\" alt=\"Ist das heute auch noch so? Sch\u00fctzenzug in Kellen\" width=\"850\" height=\"510\" \/><br \/>\n(Foto gezeigt von Peter Nengel)<\/p>\n","protected":false},"excerpt":{"rendered":"<p>Ist das heute auch noch so? Sch\u00fctzenzug in Kellen Reichlich Anh\u00e4ngerschaft begleitete diesen Sch\u00fctzenzug in Kellen im Jahre 1958. Die &hellip; <a href=\"https:\/\/www.kle-blatt.de\/blog\/kleve-in-foto-video\/schuetzenzug-in-kellen.html\" class=\"more-link\"><span class=\"more-button\">Weiterlesen<span class=\"screen-reader-text\">Ist das heute auch noch so? Sch\u00fctzenzug in Kellen<\/span><\/span><\/a><\/p>\n","protected":false},"author":2,"featured_media":18956,"comment_status":"closed","ping_status":"closed","sticky":false,"template":"","format":"standard","meta":{"footnotes":""},"categories":[20,3],"tags":[3967],"class_list":["post-18955","post","type-post","status-publish","format-standard","has-post-thumbnail","hentry","category-aus-dem-privatalbum","category-kleve-in-foto-video","tag-schuetzenzug-in-kellen"],"_links":{"self":[{"href":"https:\/\/www.kle-blatt.de\/blog\/wp-json\/wp\/v2\/posts\/18955","targetHints":{"allow":["GET"]}}],"collection":[{"href":"https:\/\/www.kle-blatt.de\/blog\/wp-json\/wp\/v2\/posts"}],"about":[{"href":"https:\/\/www.kle-blatt.de\/blog\/wp-json\/wp\/v2\/types\/post"}],"author":[{"embeddable":true,"href":"https:\/\/www.kle-blatt.de\/blog\/wp-json\/wp\/v2\/users\/2"}],"replies":[{"embeddable":true,"href":"https:\/\/www.kle-blatt.de\/blog\/wp-json\/wp\/v2\/comments?post=18955"}],"version-history":[{"count":3,"href":"https:\/\/www.kle-blatt.de\/blog\/wp-json\/wp\/v2\/posts\/18955\/revisions"}],"predecessor-version":[{"id":35330,"href":"https:\/\/www.kle-blatt.de\/blog\/wp-json\/wp\/v2\/posts\/18955\/revisions\/35330"}],"wp:featuredmedia":[{"embeddable":true,"href":"https:\/\/www.kle-blatt.de\/blog\/wp-json\/wp\/v2\/media\/18956"}],"wp:attachment":[{"href":"https:\/\/www.kle-blatt.de\/blog\/wp-json\/wp\/v2\/media?parent=18955"}],"wp:term":[{"taxonomy":"category","embeddable":true,"href":"https:\/\/www.kle-blatt.de\/blog\/wp-json\/wp\/v2\/categories?post=18955"},{"taxonomy":"post_tag","embeddable":true,"href":"https:\/\/www.kle-blatt.de\/blog\/wp-json\/wp\/v2\/tags?post=18955"}],"curies":[{"name":"wp","href":"https:\/\/api.w.org\/{rel}","templated":true}]}}