{"id":19016,"date":"2023-07-20T06:00:53","date_gmt":"2023-07-20T04:00:53","guid":{"rendered":"http:\/\/www.kle-blatt.de\/blog\/?p=19016"},"modified":"2023-06-16T12:34:38","modified_gmt":"2023-06-16T10:34:38","slug":"die-grosse-strasse-der-fuenfziger-jahre","status":"publish","type":"post","link":"https:\/\/www.kle-blatt.de\/blog\/kleve-in-foto-video\/die-grosse-strasse-der-fuenfziger-jahre.html","title":{"rendered":"Die Gro\u00dfe Stra\u00dfe der F\u00fcnfziger Jahre"},"content":{"rendered":"<p><strong>Die Gro\u00dfe Stra\u00dfe der F\u00fcnfziger Jahre<\/strong><\/p>\n<p>Ein typisches Bild aus den F\u00fcnfzigern in Kleve auf der Gro\u00dfen Stra\u00dfe. Die Stra\u00dfenbahn f\u00e4hrt noch, Autos sieht man noch nicht so viele, daf\u00fcr aber zahlreiche Fahrr\u00e4der. An der Kleidung der Leute und an den aufgespannten Markisen \u00fcber den Gesch\u00e4ften erkennt man, dass es sich um einen sch\u00f6nen Sommertag handeln muss.<\/p>\n<p><img loading=\"lazy\" decoding=\"async\" class=\"size-full wp-image-19017 aligncenter\" src=\"https:\/\/www.kle-blatt.de\/blog\/wp-content\/uploads\/2016\/06\/gro\u00dfe-50er-reiner-grun.jpg\" alt=\"Die Gro\u00dfe Stra\u00dfe der F\u00fcnfziger Jahre\" width=\"850\" height=\"1102\" \/><br \/>\n(Foto gezeigt von Reiner Grun)<\/p>\n","protected":false},"excerpt":{"rendered":"<p>Die Gro\u00dfe Stra\u00dfe der F\u00fcnfziger Jahre Ein typisches Bild aus den F\u00fcnfzigern in Kleve auf der Gro\u00dfen Stra\u00dfe. Die Stra\u00dfenbahn &hellip; <a href=\"https:\/\/www.kle-blatt.de\/blog\/kleve-in-foto-video\/die-grosse-strasse-der-fuenfziger-jahre.html\" class=\"more-link\"><span class=\"more-button\">Weiterlesen<span class=\"screen-reader-text\">Die Gro\u00dfe Stra\u00dfe der F\u00fcnfziger Jahre<\/span><\/span><\/a><\/p>\n","protected":false},"author":2,"featured_media":19017,"comment_status":"open","ping_status":"closed","sticky":false,"template":"","format":"standard","meta":{"footnotes":""},"categories":[3],"tags":[3975],"class_list":["post-19016","post","type-post","status-publish","format-standard","has-post-thumbnail","hentry","category-kleve-in-foto-video","tag-die-grosse-strasse-der-fuenfziger-jahre"],"_links":{"self":[{"href":"https:\/\/www.kle-blatt.de\/blog\/wp-json\/wp\/v2\/posts\/19016","targetHints":{"allow":["GET"]}}],"collection":[{"href":"https:\/\/www.kle-blatt.de\/blog\/wp-json\/wp\/v2\/posts"}],"about":[{"href":"https:\/\/www.kle-blatt.de\/blog\/wp-json\/wp\/v2\/types\/post"}],"author":[{"embeddable":true,"href":"https:\/\/www.kle-blatt.de\/blog\/wp-json\/wp\/v2\/users\/2"}],"replies":[{"embeddable":true,"href":"https:\/\/www.kle-blatt.de\/blog\/wp-json\/wp\/v2\/comments?post=19016"}],"version-history":[{"count":2,"href":"https:\/\/www.kle-blatt.de\/blog\/wp-json\/wp\/v2\/posts\/19016\/revisions"}],"predecessor-version":[{"id":32285,"href":"https:\/\/www.kle-blatt.de\/blog\/wp-json\/wp\/v2\/posts\/19016\/revisions\/32285"}],"wp:featuredmedia":[{"embeddable":true,"href":"https:\/\/www.kle-blatt.de\/blog\/wp-json\/wp\/v2\/media\/19017"}],"wp:attachment":[{"href":"https:\/\/www.kle-blatt.de\/blog\/wp-json\/wp\/v2\/media?parent=19016"}],"wp:term":[{"taxonomy":"category","embeddable":true,"href":"https:\/\/www.kle-blatt.de\/blog\/wp-json\/wp\/v2\/categories?post=19016"},{"taxonomy":"post_tag","embeddable":true,"href":"https:\/\/www.kle-blatt.de\/blog\/wp-json\/wp\/v2\/tags?post=19016"}],"curies":[{"name":"wp","href":"https:\/\/api.w.org\/{rel}","templated":true}]}}