{"id":19019,"date":"2021-07-29T06:30:22","date_gmt":"2021-07-29T04:30:22","guid":{"rendered":"http:\/\/www.kle-blatt.de\/blog\/?p=19019"},"modified":"2021-06-17T09:45:12","modified_gmt":"2021-06-17T07:45:12","slug":"die-ueberfuellte-grosse-strasse","status":"publish","type":"post","link":"https:\/\/www.kle-blatt.de\/blog\/kleve-in-foto-video\/die-ueberfuellte-grosse-strasse.html","title":{"rendered":"Boah, Wahnsinn: Die \u00fcberf\u00fcllte Gro\u00dfe Stra\u00dfe"},"content":{"rendered":"<p><strong>Boah, Wahnsinn: Die \u00fcberf\u00fcllte Gro\u00dfe Stra\u00dfe<\/strong><\/p>\n<p>Total verstopft und \u00fcberv\u00f6lkert mit Hunderten von Menschen zeigt sich hier die Gro\u00dfe Stra\u00dfe in den\u00a0F\u00fcnfziger\u00a0Jahren auf H\u00f6he Leder Kiesow, wie man unschwer erkennen kann. Der Anlass dieses Volks-Auflaufes war der Empfang der Klever Kriegs-Heimkehrer, die mit geschm\u00fcckten Autos durch die Stadt gefahren wurden.<\/p>\n<p><img loading=\"lazy\" decoding=\"async\" class=\"size-full wp-image-19020 aligncenter\" src=\"http:\/\/www.kle-blatt.de\/blog\/wp-content\/uploads\/2016\/06\/heimkehr-kriegsgefangene-50er-reiner-grun.jpg\" alt=\"Boah, Wahnsinn: Die \u00fcberf\u00fcllte Gro\u00dfe Stra\u00dfe\" width=\"850\" height=\"1103\" \/><br \/>\n(Foto gezeigt von Reiner Grun)<\/p>\n","protected":false},"excerpt":{"rendered":"<p>Boah, Wahnsinn: Die \u00fcberf\u00fcllte Gro\u00dfe Stra\u00dfe Total verstopft und \u00fcberv\u00f6lkert mit Hunderten von Menschen zeigt sich hier die Gro\u00dfe Stra\u00dfe &hellip; <a href=\"https:\/\/www.kle-blatt.de\/blog\/kleve-in-foto-video\/die-ueberfuellte-grosse-strasse.html\" class=\"more-link\"><span class=\"more-button\">Weiterlesen<span class=\"screen-reader-text\">Boah, Wahnsinn: Die \u00fcberf\u00fcllte Gro\u00dfe Stra\u00dfe<\/span><\/span><\/a><\/p>\n","protected":false},"author":2,"featured_media":19020,"comment_status":"open","ping_status":"closed","sticky":false,"template":"","format":"standard","meta":{"footnotes":""},"categories":[3],"tags":[3976],"class_list":["post-19019","post","type-post","status-publish","format-standard","has-post-thumbnail","hentry","category-kleve-in-foto-video","tag-die-ueberfuellte-grosse-strasse"],"_links":{"self":[{"href":"https:\/\/www.kle-blatt.de\/blog\/wp-json\/wp\/v2\/posts\/19019","targetHints":{"allow":["GET"]}}],"collection":[{"href":"https:\/\/www.kle-blatt.de\/blog\/wp-json\/wp\/v2\/posts"}],"about":[{"href":"https:\/\/www.kle-blatt.de\/blog\/wp-json\/wp\/v2\/types\/post"}],"author":[{"embeddable":true,"href":"https:\/\/www.kle-blatt.de\/blog\/wp-json\/wp\/v2\/users\/2"}],"replies":[{"embeddable":true,"href":"https:\/\/www.kle-blatt.de\/blog\/wp-json\/wp\/v2\/comments?post=19019"}],"version-history":[{"count":2,"href":"https:\/\/www.kle-blatt.de\/blog\/wp-json\/wp\/v2\/posts\/19019\/revisions"}],"predecessor-version":[{"id":28938,"href":"https:\/\/www.kle-blatt.de\/blog\/wp-json\/wp\/v2\/posts\/19019\/revisions\/28938"}],"wp:featuredmedia":[{"embeddable":true,"href":"https:\/\/www.kle-blatt.de\/blog\/wp-json\/wp\/v2\/media\/19020"}],"wp:attachment":[{"href":"https:\/\/www.kle-blatt.de\/blog\/wp-json\/wp\/v2\/media?parent=19019"}],"wp:term":[{"taxonomy":"category","embeddable":true,"href":"https:\/\/www.kle-blatt.de\/blog\/wp-json\/wp\/v2\/categories?post=19019"},{"taxonomy":"post_tag","embeddable":true,"href":"https:\/\/www.kle-blatt.de\/blog\/wp-json\/wp\/v2\/tags?post=19019"}],"curies":[{"name":"wp","href":"https:\/\/api.w.org\/{rel}","templated":true}]}}