{"id":19028,"date":"2022-07-07T05:30:06","date_gmt":"2022-07-07T03:30:06","guid":{"rendered":"http:\/\/www.kle-blatt.de\/blog\/?p=19028"},"modified":"2022-06-09T12:25:44","modified_gmt":"2022-06-09T10:25:44","slug":"studien-am-prinz-moritz-grab","status":"publish","type":"post","link":"https:\/\/www.kle-blatt.de\/blog\/kleve-in-foto-video\/aus-dem-privatalbum\/studien-am-prinz-moritz-grab.html","title":{"rendered":"Studien am Prinz-Moritz-Grab"},"content":{"rendered":"<p><strong>Studien am Prinz-Moritz-Grab<\/strong><\/p>\n<p>Vermutlich ist der Titel zu weit hergeholt, denn diese Schulklasse aus 1935 hat sich eigentlich nur gem\u00fctlich an diesem geschichtstr\u00e4chtigen Ort nieder gelassen, um ein Klassen-Foto zu schie\u00dfen. Andererseits kann man sich schon vorstellen, dass der Lehrer seinen Sch\u00fclern zumindest einiges Wissenswerte \u00fcber diese Grabst\u00e4tte erz\u00e4hlt hat, denn warum sonst verweilt man hier?<\/p>\n<p><img loading=\"lazy\" decoding=\"async\" class=\"size-full wp-image-19029 aligncenter\" src=\"https:\/\/www.kle-blatt.de\/blog\/wp-content\/uploads\/2016\/06\/klassenfoto-1935-prinz-moritz-grab.jpg\" alt=\"Studien am Prinz-Moritz-Grab\" width=\"850\" height=\"570\" \/><br \/>\n(Foto: Rainer Killemann)<\/p>\n","protected":false},"excerpt":{"rendered":"<p>Studien am Prinz-Moritz-Grab Vermutlich ist der Titel zu weit hergeholt, denn diese Schulklasse aus 1935 hat sich eigentlich nur gem\u00fctlich &hellip; <a href=\"https:\/\/www.kle-blatt.de\/blog\/kleve-in-foto-video\/aus-dem-privatalbum\/studien-am-prinz-moritz-grab.html\" class=\"more-link\"><span class=\"more-button\">Weiterlesen<span class=\"screen-reader-text\">Studien am Prinz-Moritz-Grab<\/span><\/span><\/a><\/p>\n","protected":false},"author":2,"featured_media":19029,"comment_status":"open","ping_status":"closed","sticky":false,"template":"","format":"standard","meta":{"footnotes":""},"categories":[20],"tags":[3979],"class_list":["post-19028","post","type-post","status-publish","format-standard","has-post-thumbnail","hentry","category-aus-dem-privatalbum","tag-studien-am-prinz-moritz-grab"],"_links":{"self":[{"href":"https:\/\/www.kle-blatt.de\/blog\/wp-json\/wp\/v2\/posts\/19028","targetHints":{"allow":["GET"]}}],"collection":[{"href":"https:\/\/www.kle-blatt.de\/blog\/wp-json\/wp\/v2\/posts"}],"about":[{"href":"https:\/\/www.kle-blatt.de\/blog\/wp-json\/wp\/v2\/types\/post"}],"author":[{"embeddable":true,"href":"https:\/\/www.kle-blatt.de\/blog\/wp-json\/wp\/v2\/users\/2"}],"replies":[{"embeddable":true,"href":"https:\/\/www.kle-blatt.de\/blog\/wp-json\/wp\/v2\/comments?post=19028"}],"version-history":[{"count":2,"href":"https:\/\/www.kle-blatt.de\/blog\/wp-json\/wp\/v2\/posts\/19028\/revisions"}],"predecessor-version":[{"id":30617,"href":"https:\/\/www.kle-blatt.de\/blog\/wp-json\/wp\/v2\/posts\/19028\/revisions\/30617"}],"wp:featuredmedia":[{"embeddable":true,"href":"https:\/\/www.kle-blatt.de\/blog\/wp-json\/wp\/v2\/media\/19029"}],"wp:attachment":[{"href":"https:\/\/www.kle-blatt.de\/blog\/wp-json\/wp\/v2\/media?parent=19028"}],"wp:term":[{"taxonomy":"category","embeddable":true,"href":"https:\/\/www.kle-blatt.de\/blog\/wp-json\/wp\/v2\/categories?post=19028"},{"taxonomy":"post_tag","embeddable":true,"href":"https:\/\/www.kle-blatt.de\/blog\/wp-json\/wp\/v2\/tags?post=19028"}],"curies":[{"name":"wp","href":"https:\/\/api.w.org\/{rel}","templated":true}]}}