{"id":19031,"date":"2023-07-15T07:10:29","date_gmt":"2023-07-15T05:10:29","guid":{"rendered":"http:\/\/www.kle-blatt.de\/blog\/?p=19031"},"modified":"2023-06-17T10:39:22","modified_gmt":"2023-06-17T08:39:22","slug":"klever-kirmes-1993","status":"publish","type":"post","link":"https:\/\/www.kle-blatt.de\/blog\/kleve-in-foto-video\/aus-dem-privatalbum\/klever-kirmes-1993.html","title":{"rendered":"Ohne Smartphone auf die Klever Kirmes?"},"content":{"rendered":"<p><strong>Ohne Smartphone auf die Klever Kirmes?<\/strong><\/p>\n<p>Kaum zu glauben, aber dieses Bild entstand vor 30 Jahren in 1993. Hat sich jetzt wirklich etwas ge\u00e4ndert? Das Riesenrad gab es damals, genauso die &#8222;Wilde Maus&#8220; oder die Ess- und S\u00fc\u00dfigkeits-Buden wie auch die Luftballons. Selbst die Klamotten der Menschen weichen modisch nicht wirklich von den heutigen ab. Eines jedoch ist schon auff\u00e4llig: Niemand hat ein Handy am Ohr.<\/p>\n<p><img loading=\"lazy\" decoding=\"async\" class=\"size-full wp-image-19032 aligncenter\" src=\"https:\/\/www.kle-blatt.de\/blog\/wp-content\/uploads\/2016\/06\/riesenrad-07-1993.jpg\" alt=\"Ohne Smartphone auf die Klever Kirmes?\" width=\"850\" height=\"535\" \/><br \/>\n(Foto: Rainer Killemann)<\/p>\n","protected":false},"excerpt":{"rendered":"<p>Ohne Smartphone auf die Klever Kirmes? Kaum zu glauben, aber dieses Bild entstand vor 30 Jahren in 1993. Hat sich &hellip; <a href=\"https:\/\/www.kle-blatt.de\/blog\/kleve-in-foto-video\/aus-dem-privatalbum\/klever-kirmes-1993.html\" class=\"more-link\"><span class=\"more-button\">Weiterlesen<span class=\"screen-reader-text\">Ohne Smartphone auf die Klever Kirmes?<\/span><\/span><\/a><\/p>\n","protected":false},"author":2,"featured_media":19032,"comment_status":"open","ping_status":"closed","sticky":false,"template":"","format":"standard","meta":{"footnotes":""},"categories":[20],"tags":[3980,5016],"class_list":["post-19031","post","type-post","status-publish","format-standard","has-post-thumbnail","hentry","category-aus-dem-privatalbum","tag-klever-kirmes-1993","tag-ohne-smartphone-auf-die-klever-kirmes"],"_links":{"self":[{"href":"https:\/\/www.kle-blatt.de\/blog\/wp-json\/wp\/v2\/posts\/19031","targetHints":{"allow":["GET"]}}],"collection":[{"href":"https:\/\/www.kle-blatt.de\/blog\/wp-json\/wp\/v2\/posts"}],"about":[{"href":"https:\/\/www.kle-blatt.de\/blog\/wp-json\/wp\/v2\/types\/post"}],"author":[{"embeddable":true,"href":"https:\/\/www.kle-blatt.de\/blog\/wp-json\/wp\/v2\/users\/2"}],"replies":[{"embeddable":true,"href":"https:\/\/www.kle-blatt.de\/blog\/wp-json\/wp\/v2\/comments?post=19031"}],"version-history":[{"count":2,"href":"https:\/\/www.kle-blatt.de\/blog\/wp-json\/wp\/v2\/posts\/19031\/revisions"}],"predecessor-version":[{"id":32312,"href":"https:\/\/www.kle-blatt.de\/blog\/wp-json\/wp\/v2\/posts\/19031\/revisions\/32312"}],"wp:featuredmedia":[{"embeddable":true,"href":"https:\/\/www.kle-blatt.de\/blog\/wp-json\/wp\/v2\/media\/19032"}],"wp:attachment":[{"href":"https:\/\/www.kle-blatt.de\/blog\/wp-json\/wp\/v2\/media?parent=19031"}],"wp:term":[{"taxonomy":"category","embeddable":true,"href":"https:\/\/www.kle-blatt.de\/blog\/wp-json\/wp\/v2\/categories?post=19031"},{"taxonomy":"post_tag","embeddable":true,"href":"https:\/\/www.kle-blatt.de\/blog\/wp-json\/wp\/v2\/tags?post=19031"}],"curies":[{"name":"wp","href":"https:\/\/api.w.org\/{rel}","templated":true}]}}