{"id":19040,"date":"2020-07-12T06:30:55","date_gmt":"2020-07-12T04:30:55","guid":{"rendered":"http:\/\/www.kle-blatt.de\/blog\/?p=19040"},"modified":"2020-06-25T09:53:26","modified_gmt":"2020-06-25T07:53:26","slug":"ein-kaefer-auf-der-emmericher","status":"publish","type":"post","link":"https:\/\/www.kle-blatt.de\/blog\/kleve-in-foto-video\/ein-kaefer-auf-der-emmericher.html","title":{"rendered":"Das gab es oft: Ein K\u00e4fer auf der Emmericher"},"content":{"rendered":"<p><strong>Das gab es oft: Ein K\u00e4fer auf der Emmericher<\/strong><\/p>\n<p>Das in dieser Zeit wohl meist gefahrene Auto in der Bundesrepublik und damit auch in Kleve rauscht hier gerade \u00fcber die Emmericher Stra\u00dfe Anfang Kellen. Rechts sieht man noch das Firmenschild von Bensdorp auf dem vorderen Geb\u00e4ude und die Verwaltung der Margarine-Union war gerade im Bau, wie man am Ger\u00fcst und am Kran erkennen kann.<\/p>\n<p><img loading=\"lazy\" decoding=\"async\" class=\"size-full wp-image-19041 aligncenter\" src=\"https:\/\/www.kle-blatt.de\/blog\/wp-content\/uploads\/2016\/06\/emmericher-klein.jpg\" alt=\"Das gab es oft: Ein K\u00e4fer auf der Emmericher\" width=\"850\" height=\"587\" \/><br \/>\n(Foto gezeigt von Peter Nengel)<\/p>\n","protected":false},"excerpt":{"rendered":"<p>Das gab es oft: Ein K\u00e4fer auf der Emmericher Das in dieser Zeit wohl meist gefahrene Auto in der Bundesrepublik &hellip; <a href=\"https:\/\/www.kle-blatt.de\/blog\/kleve-in-foto-video\/ein-kaefer-auf-der-emmericher.html\" class=\"more-link\"><span class=\"more-button\">Weiterlesen<span class=\"screen-reader-text\">Das gab es oft: Ein K\u00e4fer auf der Emmericher<\/span><\/span><\/a><\/p>\n","protected":false},"author":2,"featured_media":19041,"comment_status":"open","ping_status":"closed","sticky":false,"template":"","format":"standard","meta":{"footnotes":""},"categories":[20,3],"tags":[3983],"class_list":["post-19040","post","type-post","status-publish","format-standard","has-post-thumbnail","hentry","category-aus-dem-privatalbum","category-kleve-in-foto-video","tag-ein-kaefer-auf-der-emmericher"],"_links":{"self":[{"href":"https:\/\/www.kle-blatt.de\/blog\/wp-json\/wp\/v2\/posts\/19040","targetHints":{"allow":["GET"]}}],"collection":[{"href":"https:\/\/www.kle-blatt.de\/blog\/wp-json\/wp\/v2\/posts"}],"about":[{"href":"https:\/\/www.kle-blatt.de\/blog\/wp-json\/wp\/v2\/types\/post"}],"author":[{"embeddable":true,"href":"https:\/\/www.kle-blatt.de\/blog\/wp-json\/wp\/v2\/users\/2"}],"replies":[{"embeddable":true,"href":"https:\/\/www.kle-blatt.de\/blog\/wp-json\/wp\/v2\/comments?post=19040"}],"version-history":[{"count":2,"href":"https:\/\/www.kle-blatt.de\/blog\/wp-json\/wp\/v2\/posts\/19040\/revisions"}],"predecessor-version":[{"id":27316,"href":"https:\/\/www.kle-blatt.de\/blog\/wp-json\/wp\/v2\/posts\/19040\/revisions\/27316"}],"wp:featuredmedia":[{"embeddable":true,"href":"https:\/\/www.kle-blatt.de\/blog\/wp-json\/wp\/v2\/media\/19041"}],"wp:attachment":[{"href":"https:\/\/www.kle-blatt.de\/blog\/wp-json\/wp\/v2\/media?parent=19040"}],"wp:term":[{"taxonomy":"category","embeddable":true,"href":"https:\/\/www.kle-blatt.de\/blog\/wp-json\/wp\/v2\/categories?post=19040"},{"taxonomy":"post_tag","embeddable":true,"href":"https:\/\/www.kle-blatt.de\/blog\/wp-json\/wp\/v2\/tags?post=19040"}],"curies":[{"name":"wp","href":"https:\/\/api.w.org\/{rel}","templated":true}]}}