{"id":19058,"date":"2020-07-16T06:20:06","date_gmt":"2020-07-16T04:20:06","guid":{"rendered":"http:\/\/www.kle-blatt.de\/blog\/?p=19058"},"modified":"2020-06-25T14:42:47","modified_gmt":"2020-06-25T12:42:47","slug":"kirmes-und-kinder","status":"publish","type":"post","link":"https:\/\/www.kle-blatt.de\/blog\/kleve-in-foto-video\/kirmes-und-kinder.html","title":{"rendered":"Klever Kirmes und die Kinder von der &#8222;M\u00fcnze&#8220;"},"content":{"rendered":"<p><strong>Klever Kirmes und die Kinder von der &#8222;M\u00fcnze&#8220;<\/strong><\/p>\n<p>Die Klever Kirmes stand noch auf dem alten Platz, als das Betreuungspersonal des Jugendheims &#8222;M\u00fcnze&#8220; mit einigen Kindern zu Besuch war. F\u00fcr die Kinder nat\u00fcrlich eine wunderbare Abwechslung.<\/p>\n<p><img loading=\"lazy\" decoding=\"async\" class=\"size-full wp-image-19059 aligncenter\" src=\"https:\/\/www.kle-blatt.de\/blog\/wp-content\/uploads\/2016\/06\/kirmes-kinder-von-m\u00fcnze-klein..jpg\" alt=\"Klever Kirmes und die Kinder von der \" width=\"850\" height=\"527\" \/><br \/>\n(Foto gezeigt von Peter Nengel)<\/p>\n","protected":false},"excerpt":{"rendered":"<p>Klever Kirmes und die Kinder von der &#8222;M\u00fcnze&#8220; Die Klever Kirmes stand noch auf dem alten Platz, als das Betreuungspersonal &hellip; <a href=\"https:\/\/www.kle-blatt.de\/blog\/kleve-in-foto-video\/kirmes-und-kinder.html\" class=\"more-link\"><span class=\"more-button\">Weiterlesen<span class=\"screen-reader-text\">Klever Kirmes und die Kinder von der &#8222;M\u00fcnze&#8220;<\/span><\/span><\/a><\/p>\n","protected":false},"author":2,"featured_media":19059,"comment_status":"open","ping_status":"closed","sticky":false,"template":"","format":"standard","meta":{"footnotes":""},"categories":[20,3],"tags":[3989],"class_list":["post-19058","post","type-post","status-publish","format-standard","has-post-thumbnail","hentry","category-aus-dem-privatalbum","category-kleve-in-foto-video","tag-kirmes-und-kinder"],"_links":{"self":[{"href":"https:\/\/www.kle-blatt.de\/blog\/wp-json\/wp\/v2\/posts\/19058","targetHints":{"allow":["GET"]}}],"collection":[{"href":"https:\/\/www.kle-blatt.de\/blog\/wp-json\/wp\/v2\/posts"}],"about":[{"href":"https:\/\/www.kle-blatt.de\/blog\/wp-json\/wp\/v2\/types\/post"}],"author":[{"embeddable":true,"href":"https:\/\/www.kle-blatt.de\/blog\/wp-json\/wp\/v2\/users\/2"}],"replies":[{"embeddable":true,"href":"https:\/\/www.kle-blatt.de\/blog\/wp-json\/wp\/v2\/comments?post=19058"}],"version-history":[{"count":2,"href":"https:\/\/www.kle-blatt.de\/blog\/wp-json\/wp\/v2\/posts\/19058\/revisions"}],"predecessor-version":[{"id":27337,"href":"https:\/\/www.kle-blatt.de\/blog\/wp-json\/wp\/v2\/posts\/19058\/revisions\/27337"}],"wp:featuredmedia":[{"embeddable":true,"href":"https:\/\/www.kle-blatt.de\/blog\/wp-json\/wp\/v2\/media\/19059"}],"wp:attachment":[{"href":"https:\/\/www.kle-blatt.de\/blog\/wp-json\/wp\/v2\/media?parent=19058"}],"wp:term":[{"taxonomy":"category","embeddable":true,"href":"https:\/\/www.kle-blatt.de\/blog\/wp-json\/wp\/v2\/categories?post=19058"},{"taxonomy":"post_tag","embeddable":true,"href":"https:\/\/www.kle-blatt.de\/blog\/wp-json\/wp\/v2\/tags?post=19058"}],"curies":[{"name":"wp","href":"https:\/\/api.w.org\/{rel}","templated":true}]}}