{"id":19061,"date":"2024-07-11T07:10:17","date_gmt":"2024-07-11T05:10:17","guid":{"rendered":"http:\/\/www.kle-blatt.de\/blog\/?p=19061"},"modified":"2024-06-10T11:10:07","modified_gmt":"2024-06-10T09:10:07","slug":"aufbau-der-kirmes-auf-dem-grossen-markt","status":"publish","type":"post","link":"https:\/\/www.kle-blatt.de\/blog\/kleve-in-foto-video\/aus-dem-privatalbum\/aufbau-der-kirmes-auf-dem-grossen-markt.html","title":{"rendered":"W\u00e4re das was? Aufbau der Kirmes auf dem Gro\u00dfen Markt"},"content":{"rendered":"<p><strong>W\u00e4re das was? Aufbau der Kirmes auf dem Gro\u00dfen Markt<\/strong><\/p>\n<p>So sah es in fr\u00fcheren Zeiten aus, als die Klever Kirmes noch auf dem Gro\u00dfen Markt stattfand. Wir sehen hier den Aufbau der Fahrgesch\u00e4fte und Buden, sowie den der Zelt-Aufbauten der diversen Schau-Buden. Viele werden sich an die besondere Atmosph\u00e4re auf diesem historischen Platz gerne erinnern und die Kirmes hier gerne nochmal erleben.<\/p>\n<p><img loading=\"lazy\" decoding=\"async\" class=\"size-full wp-image-19062 aligncenter\" src=\"https:\/\/www.kle-blatt.de\/blog\/wp-content\/uploads\/2016\/06\/kirmes-gro\u00dfer-markt-klein.jpg\" alt=\"W\u00e4re das was? Aufbau der Kirmes auf dem Gro\u00dfen Markt\" width=\"849\" height=\"583\" \/><br \/>\n(Foto gezeigt von Peter Nengel)<\/p>\n","protected":false},"excerpt":{"rendered":"<p>W\u00e4re das was? Aufbau der Kirmes auf dem Gro\u00dfen Markt So sah es in fr\u00fcheren Zeiten aus, als die Klever &hellip; <a href=\"https:\/\/www.kle-blatt.de\/blog\/kleve-in-foto-video\/aus-dem-privatalbum\/aufbau-der-kirmes-auf-dem-grossen-markt.html\" class=\"more-link\"><span class=\"more-button\">Weiterlesen<span class=\"screen-reader-text\">W\u00e4re das was? Aufbau der Kirmes auf dem Gro\u00dfen Markt<\/span><\/span><\/a><\/p>\n","protected":false},"author":2,"featured_media":19062,"comment_status":"closed","ping_status":"closed","sticky":false,"template":"","format":"standard","meta":{"footnotes":""},"categories":[20],"tags":[3990],"class_list":["post-19061","post","type-post","status-publish","format-standard","has-post-thumbnail","hentry","category-aus-dem-privatalbum","tag-aufbau-der-kirmes-auf-dem-grossen-markt"],"_links":{"self":[{"href":"https:\/\/www.kle-blatt.de\/blog\/wp-json\/wp\/v2\/posts\/19061","targetHints":{"allow":["GET"]}}],"collection":[{"href":"https:\/\/www.kle-blatt.de\/blog\/wp-json\/wp\/v2\/posts"}],"about":[{"href":"https:\/\/www.kle-blatt.de\/blog\/wp-json\/wp\/v2\/types\/post"}],"author":[{"embeddable":true,"href":"https:\/\/www.kle-blatt.de\/blog\/wp-json\/wp\/v2\/users\/2"}],"replies":[{"embeddable":true,"href":"https:\/\/www.kle-blatt.de\/blog\/wp-json\/wp\/v2\/comments?post=19061"}],"version-history":[{"count":2,"href":"https:\/\/www.kle-blatt.de\/blog\/wp-json\/wp\/v2\/posts\/19061\/revisions"}],"predecessor-version":[{"id":33979,"href":"https:\/\/www.kle-blatt.de\/blog\/wp-json\/wp\/v2\/posts\/19061\/revisions\/33979"}],"wp:featuredmedia":[{"embeddable":true,"href":"https:\/\/www.kle-blatt.de\/blog\/wp-json\/wp\/v2\/media\/19062"}],"wp:attachment":[{"href":"https:\/\/www.kle-blatt.de\/blog\/wp-json\/wp\/v2\/media?parent=19061"}],"wp:term":[{"taxonomy":"category","embeddable":true,"href":"https:\/\/www.kle-blatt.de\/blog\/wp-json\/wp\/v2\/categories?post=19061"},{"taxonomy":"post_tag","embeddable":true,"href":"https:\/\/www.kle-blatt.de\/blog\/wp-json\/wp\/v2\/tags?post=19061"}],"curies":[{"name":"wp","href":"https:\/\/api.w.org\/{rel}","templated":true}]}}