{"id":19064,"date":"2024-05-12T07:20:54","date_gmt":"2024-05-12T05:20:54","guid":{"rendered":"http:\/\/www.kle-blatt.de\/blog\/?p=19064"},"modified":"2024-04-03T12:05:52","modified_gmt":"2024-04-03T10:05:52","slug":"klever-werbe-kuenstler","status":"publish","type":"post","link":"https:\/\/www.kle-blatt.de\/blog\/kleve-in-foto-video\/klever-werbe-kuenstler.html","title":{"rendered":"Handarbeit eines Klever Werbe-K\u00fcnstlers"},"content":{"rendered":"<p><strong>Handarbeit eines Klever Werbe-K\u00fcnstlers<\/strong><\/p>\n<p>Es handelt sich nur um ein Ger\u00fccht, dass hier der gro\u00dfe K\u00fcnstler der Stadt &#8211; Joseph Beuys &#8211; selbst Hand anlegte an dieser Werbe-Aufschrift auf dem Schaufenster eines Gem\u00fcse-Ladens am Marktplatz Linde in den F\u00fcnfzigern. Wie wir der Auslage in den Holzkisten entnehmen k\u00f6nnen, wird der Meister seine Botschaft &#8222;Zum Muttertag Spargel&#8220; dort zu Ende geschrieben haben.<\/p>\n<p><img loading=\"lazy\" decoding=\"async\" class=\"size-full wp-image-19065 aligncenter\" src=\"https:\/\/www.kle-blatt.de\/blog\/wp-content\/uploads\/2016\/06\/marktplatz-linde.jpg\" alt=\"Handarbeit eines Klever Werbe-K\u00fcnstlers\" width=\"850\" height=\"1229\" \/><br \/>\n(Foto gezeigt von Peter Nengel)<\/p>\n","protected":false},"excerpt":{"rendered":"<p>Handarbeit eines Klever Werbe-K\u00fcnstlers Es handelt sich nur um ein Ger\u00fccht, dass hier der gro\u00dfe K\u00fcnstler der Stadt &#8211; Joseph &hellip; <a href=\"https:\/\/www.kle-blatt.de\/blog\/kleve-in-foto-video\/klever-werbe-kuenstler.html\" class=\"more-link\"><span class=\"more-button\">Weiterlesen<span class=\"screen-reader-text\">Handarbeit eines Klever Werbe-K\u00fcnstlers<\/span><\/span><\/a><\/p>\n","protected":false},"author":2,"featured_media":19065,"comment_status":"closed","ping_status":"closed","sticky":false,"template":"","format":"standard","meta":{"footnotes":""},"categories":[20,3],"tags":[5785],"class_list":["post-19064","post","type-post","status-publish","format-standard","has-post-thumbnail","hentry","category-aus-dem-privatalbum","category-kleve-in-foto-video","tag-handarbeit-eines-klever-werbe-kuenstlers"],"_links":{"self":[{"href":"https:\/\/www.kle-blatt.de\/blog\/wp-json\/wp\/v2\/posts\/19064","targetHints":{"allow":["GET"]}}],"collection":[{"href":"https:\/\/www.kle-blatt.de\/blog\/wp-json\/wp\/v2\/posts"}],"about":[{"href":"https:\/\/www.kle-blatt.de\/blog\/wp-json\/wp\/v2\/types\/post"}],"author":[{"embeddable":true,"href":"https:\/\/www.kle-blatt.de\/blog\/wp-json\/wp\/v2\/users\/2"}],"replies":[{"embeddable":true,"href":"https:\/\/www.kle-blatt.de\/blog\/wp-json\/wp\/v2\/comments?post=19064"}],"version-history":[{"count":2,"href":"https:\/\/www.kle-blatt.de\/blog\/wp-json\/wp\/v2\/posts\/19064\/revisions"}],"predecessor-version":[{"id":30642,"href":"https:\/\/www.kle-blatt.de\/blog\/wp-json\/wp\/v2\/posts\/19064\/revisions\/30642"}],"wp:featuredmedia":[{"embeddable":true,"href":"https:\/\/www.kle-blatt.de\/blog\/wp-json\/wp\/v2\/media\/19065"}],"wp:attachment":[{"href":"https:\/\/www.kle-blatt.de\/blog\/wp-json\/wp\/v2\/media?parent=19064"}],"wp:term":[{"taxonomy":"category","embeddable":true,"href":"https:\/\/www.kle-blatt.de\/blog\/wp-json\/wp\/v2\/categories?post=19064"},{"taxonomy":"post_tag","embeddable":true,"href":"https:\/\/www.kle-blatt.de\/blog\/wp-json\/wp\/v2\/tags?post=19064"}],"curies":[{"name":"wp","href":"https:\/\/api.w.org\/{rel}","templated":true}]}}