{"id":19079,"date":"2025-07-31T06:30:20","date_gmt":"2025-07-31T04:30:20","guid":{"rendered":"http:\/\/www.kle-blatt.de\/blog\/?p=19079"},"modified":"2025-05-13T11:55:12","modified_gmt":"2025-05-13T09:55:12","slug":"viel-los-beim-clever-kreisblatt","status":"publish","type":"post","link":"https:\/\/www.kle-blatt.de\/blog\/kleve-in-foto-video\/viel-los-beim-clever-kreisblatt.html","title":{"rendered":"Viel los beim Clever Kreisblatt"},"content":{"rendered":"<p><strong>Viel los beim Clever Kreisblatt<\/strong><\/p>\n<p>So wie heute bei den Schaufenstern der RP und der NRZ sehen wir hier im fr\u00fcheren Kleve die Menschen unten rechts vor den neuen Nachrichten des Clever Kreisblattes stehen und lesen. Die Gro\u00dfe Stra\u00dfe wurde noch haupts\u00e4chlich von Pferde-Fuhrwerken, Fu\u00dfg\u00e4ngern und Radfahrern frequentiert. Sehr sch\u00f6n auch die Evangelische Kirche mit ihrem markanten T\u00fcrmchen und der tollen Fassade.<\/p>\n<p><img loading=\"lazy\" decoding=\"async\" class=\"size-full wp-image-19080 aligncenter\" src=\"https:\/\/www.kle-blatt.de\/blog\/wp-content\/uploads\/2016\/06\/KA-Kle-F6-Kleve-CXXI-4-klein.jpg\" alt=\"Viel los beim Clever Kreisblatt\" width=\"850\" height=\"1181\" \/><br \/>\n(Foto: Ewald Steiger -\u00a9 Kreisarchiv Kleve \u2013 KA Kle F6, Kleve CXXI 4)<\/p>\n","protected":false},"excerpt":{"rendered":"<p>Viel los beim Clever Kreisblatt So wie heute bei den Schaufenstern der RP und der NRZ sehen wir hier im &hellip; <a href=\"https:\/\/www.kle-blatt.de\/blog\/kleve-in-foto-video\/viel-los-beim-clever-kreisblatt.html\" class=\"more-link\"><span class=\"more-button\">Weiterlesen<span class=\"screen-reader-text\">Viel los beim Clever Kreisblatt<\/span><\/span><\/a><\/p>\n","protected":false},"author":2,"featured_media":19080,"comment_status":"closed","ping_status":"closed","sticky":false,"template":"","format":"standard","meta":{"footnotes":""},"categories":[3],"tags":[3996],"class_list":["post-19079","post","type-post","status-publish","format-standard","has-post-thumbnail","hentry","category-kleve-in-foto-video","tag-viel-los-beim-clever-kreisblatt"],"_links":{"self":[{"href":"https:\/\/www.kle-blatt.de\/blog\/wp-json\/wp\/v2\/posts\/19079","targetHints":{"allow":["GET"]}}],"collection":[{"href":"https:\/\/www.kle-blatt.de\/blog\/wp-json\/wp\/v2\/posts"}],"about":[{"href":"https:\/\/www.kle-blatt.de\/blog\/wp-json\/wp\/v2\/types\/post"}],"author":[{"embeddable":true,"href":"https:\/\/www.kle-blatt.de\/blog\/wp-json\/wp\/v2\/users\/2"}],"replies":[{"embeddable":true,"href":"https:\/\/www.kle-blatt.de\/blog\/wp-json\/wp\/v2\/comments?post=19079"}],"version-history":[{"count":2,"href":"https:\/\/www.kle-blatt.de\/blog\/wp-json\/wp\/v2\/posts\/19079\/revisions"}],"predecessor-version":[{"id":27320,"href":"https:\/\/www.kle-blatt.de\/blog\/wp-json\/wp\/v2\/posts\/19079\/revisions\/27320"}],"wp:featuredmedia":[{"embeddable":true,"href":"https:\/\/www.kle-blatt.de\/blog\/wp-json\/wp\/v2\/media\/19080"}],"wp:attachment":[{"href":"https:\/\/www.kle-blatt.de\/blog\/wp-json\/wp\/v2\/media?parent=19079"}],"wp:term":[{"taxonomy":"category","embeddable":true,"href":"https:\/\/www.kle-blatt.de\/blog\/wp-json\/wp\/v2\/categories?post=19079"},{"taxonomy":"post_tag","embeddable":true,"href":"https:\/\/www.kle-blatt.de\/blog\/wp-json\/wp\/v2\/tags?post=19079"}],"curies":[{"name":"wp","href":"https:\/\/api.w.org\/{rel}","templated":true}]}}