{"id":19090,"date":"2022-07-27T06:10:11","date_gmt":"2022-07-27T04:10:11","guid":{"rendered":"http:\/\/www.kle-blatt.de\/blog\/?p=19090"},"modified":"2022-06-26T11:37:06","modified_gmt":"2022-06-26T09:37:06","slug":"starfighters-im-world-center","status":"publish","type":"post","link":"https:\/\/www.kle-blatt.de\/blog\/kleve-in-foto-video\/aus-dem-privatalbum\/starfighters-im-world-center.html","title":{"rendered":"Warst Du dabei? The Starfighters im World-Center"},"content":{"rendered":"<p><strong>Warst Du dabei? The Starfighters im World-Center<\/strong><\/p>\n<p>Im Jahre 1990 kam es zu einem denkw\u00fcrdigen Konzert in der damaligen bekannten Klever Diskothek &#8222;World Center&#8220; im Tichelpark. Die beliebte Formation der Band &#8222;Starfighters&#8220; gaben sich im Rahmen eines Revival-Konzerts die Ehre und spielten f\u00fcr die zahlreich erschienen Fans auf. F\u00fcr diejenigen, die live dem Ereignis folgen konnten, wird dieser Abend zu den unvergessenen Erlebnissen geh\u00f6ren.<\/p>\n<p><img loading=\"lazy\" decoding=\"async\" class=\"size-full wp-image-19091 aligncenter\" src=\"https:\/\/www.kle-blatt.de\/blog\/wp-content\/uploads\/2016\/06\/starfighters-revival-world-center-7-12-1990-claus-bayer-foto-f-hoiboom-klein.jpg\" alt=\"Warst Du dabei? The Starfighters im World-Center\" width=\"850\" height=\"567\" \/><br \/>\n(Foto: F.Hoiboom &#8211; gezeigt von Claus Bayer)<\/p>\n","protected":false},"excerpt":{"rendered":"<p>Warst Du dabei? The Starfighters im World-Center Im Jahre 1990 kam es zu einem denkw\u00fcrdigen Konzert in der damaligen bekannten &hellip; <a href=\"https:\/\/www.kle-blatt.de\/blog\/kleve-in-foto-video\/aus-dem-privatalbum\/starfighters-im-world-center.html\" class=\"more-link\"><span class=\"more-button\">Weiterlesen<span class=\"screen-reader-text\">Warst Du dabei? The Starfighters im World-Center<\/span><\/span><\/a><\/p>\n","protected":false},"author":2,"featured_media":19091,"comment_status":"open","ping_status":"closed","sticky":false,"template":"","format":"standard","meta":{"footnotes":""},"categories":[20,5279],"tags":[3999],"class_list":["post-19090","post","type-post","status-publish","format-standard","has-post-thumbnail","hentry","category-aus-dem-privatalbum","category-klever-musik-und-diskoszene","tag-starfighters-im-world-center"],"_links":{"self":[{"href":"https:\/\/www.kle-blatt.de\/blog\/wp-json\/wp\/v2\/posts\/19090","targetHints":{"allow":["GET"]}}],"collection":[{"href":"https:\/\/www.kle-blatt.de\/blog\/wp-json\/wp\/v2\/posts"}],"about":[{"href":"https:\/\/www.kle-blatt.de\/blog\/wp-json\/wp\/v2\/types\/post"}],"author":[{"embeddable":true,"href":"https:\/\/www.kle-blatt.de\/blog\/wp-json\/wp\/v2\/users\/2"}],"replies":[{"embeddable":true,"href":"https:\/\/www.kle-blatt.de\/blog\/wp-json\/wp\/v2\/comments?post=19090"}],"version-history":[{"count":1,"href":"https:\/\/www.kle-blatt.de\/blog\/wp-json\/wp\/v2\/posts\/19090\/revisions"}],"predecessor-version":[{"id":30741,"href":"https:\/\/www.kle-blatt.de\/blog\/wp-json\/wp\/v2\/posts\/19090\/revisions\/30741"}],"wp:featuredmedia":[{"embeddable":true,"href":"https:\/\/www.kle-blatt.de\/blog\/wp-json\/wp\/v2\/media\/19091"}],"wp:attachment":[{"href":"https:\/\/www.kle-blatt.de\/blog\/wp-json\/wp\/v2\/media?parent=19090"}],"wp:term":[{"taxonomy":"category","embeddable":true,"href":"https:\/\/www.kle-blatt.de\/blog\/wp-json\/wp\/v2\/categories?post=19090"},{"taxonomy":"post_tag","embeddable":true,"href":"https:\/\/www.kle-blatt.de\/blog\/wp-json\/wp\/v2\/tags?post=19090"}],"curies":[{"name":"wp","href":"https:\/\/api.w.org\/{rel}","templated":true}]}}