{"id":19093,"date":"2025-07-26T07:20:01","date_gmt":"2025-07-26T05:20:01","guid":{"rendered":"http:\/\/www.kle-blatt.de\/blog\/?p=19093"},"modified":"2025-05-13T11:56:47","modified_gmt":"2025-05-13T09:56:47","slug":"der-klever-schwan-und-seine-burg","status":"publish","type":"post","link":"https:\/\/www.kle-blatt.de\/blog\/kleve-in-foto-video\/aus-dem-privatalbum\/der-klever-schwan-und-seine-burg.html","title":{"rendered":"Der Klever Schwan und seine Burg"},"content":{"rendered":"<p><strong>Der Klever Schwan und seine Burg<\/strong><\/p>\n<p>Treffender k\u00f6nnte der Titel f\u00fcr dieses gro\u00dfartige Bild nicht sein. Ein herrlicher wei\u00dfer Schwan vor der altehrw\u00fcrdigen Schwanenburg. Eine perfekte Klever Impression.<\/p>\n<p><img loading=\"lazy\" decoding=\"async\" class=\"size-full wp-image-19094 aligncenter\" src=\"https:\/\/www.kle-blatt.de\/blog\/wp-content\/uploads\/2016\/06\/schwan-burg-klein.jpg\" alt=\"Der Klever Schwan und seine Burg\" width=\"850\" height=\"553\" \/><br \/>\n(Foto + Bearbeitung: Klaus Viethen)<\/p>\n","protected":false},"excerpt":{"rendered":"<p>Der Klever Schwan und seine Burg Treffender k\u00f6nnte der Titel f\u00fcr dieses gro\u00dfartige Bild nicht sein. Ein herrlicher wei\u00dfer Schwan &hellip; <a href=\"https:\/\/www.kle-blatt.de\/blog\/kleve-in-foto-video\/aus-dem-privatalbum\/der-klever-schwan-und-seine-burg.html\" class=\"more-link\"><span class=\"more-button\">Weiterlesen<span class=\"screen-reader-text\">Der Klever Schwan und seine Burg<\/span><\/span><\/a><\/p>\n","protected":false},"author":2,"featured_media":19094,"comment_status":"closed","ping_status":"closed","sticky":false,"template":"","format":"standard","meta":{"footnotes":""},"categories":[20],"tags":[4000],"class_list":["post-19093","post","type-post","status-publish","format-standard","has-post-thumbnail","hentry","category-aus-dem-privatalbum","tag-der-klever-schwan-und-seine-burg"],"_links":{"self":[{"href":"https:\/\/www.kle-blatt.de\/blog\/wp-json\/wp\/v2\/posts\/19093","targetHints":{"allow":["GET"]}}],"collection":[{"href":"https:\/\/www.kle-blatt.de\/blog\/wp-json\/wp\/v2\/posts"}],"about":[{"href":"https:\/\/www.kle-blatt.de\/blog\/wp-json\/wp\/v2\/types\/post"}],"author":[{"embeddable":true,"href":"https:\/\/www.kle-blatt.de\/blog\/wp-json\/wp\/v2\/users\/2"}],"replies":[{"embeddable":true,"href":"https:\/\/www.kle-blatt.de\/blog\/wp-json\/wp\/v2\/comments?post=19093"}],"version-history":[{"count":2,"href":"https:\/\/www.kle-blatt.de\/blog\/wp-json\/wp\/v2\/posts\/19093\/revisions"}],"predecessor-version":[{"id":27326,"href":"https:\/\/www.kle-blatt.de\/blog\/wp-json\/wp\/v2\/posts\/19093\/revisions\/27326"}],"wp:featuredmedia":[{"embeddable":true,"href":"https:\/\/www.kle-blatt.de\/blog\/wp-json\/wp\/v2\/media\/19094"}],"wp:attachment":[{"href":"https:\/\/www.kle-blatt.de\/blog\/wp-json\/wp\/v2\/media?parent=19093"}],"wp:term":[{"taxonomy":"category","embeddable":true,"href":"https:\/\/www.kle-blatt.de\/blog\/wp-json\/wp\/v2\/categories?post=19093"},{"taxonomy":"post_tag","embeddable":true,"href":"https:\/\/www.kle-blatt.de\/blog\/wp-json\/wp\/v2\/tags?post=19093"}],"curies":[{"name":"wp","href":"https:\/\/api.w.org\/{rel}","templated":true}]}}