{"id":19134,"date":"2024-07-14T06:10:30","date_gmt":"2024-07-14T04:10:30","guid":{"rendered":"http:\/\/www.kle-blatt.de\/blog\/?p=19134"},"modified":"2024-06-10T11:13:00","modified_gmt":"2024-06-10T09:13:00","slug":"der-eisbaer-von-der-klever-kirmes","status":"publish","type":"post","link":"https:\/\/www.kle-blatt.de\/blog\/kleve-in-foto-video\/aus-dem-privatalbum\/der-eisbaer-von-der-klever-kirmes.html","title":{"rendered":"Hattest Du als Kind Angst auf der Klever Kirmes?"},"content":{"rendered":"<p><strong>Hattest Du als Kind Angst auf der Klever Kirmes?<\/strong><\/p>\n<p>Er streifte in den F\u00fcnfziger Jahren stets auf der Kirmes herum und machte den Kindern immer gro\u00dfe Angst. Der &#8222;Klever Eisb\u00e4r&#8220;. Die Eltern wollten nat\u00fcrlich ein Foto ihres Nachwuchses mit diesem &#8222;Unget\u00fcm&#8220;, aber die Kleinen hatten ein mehr oder weniger gest\u00f6rtes Verh\u00e4ltnis zu dem gro\u00dfen Mann in dem Fell, denn f\u00fcr sie war er ja ein richtiger B\u00e4r. Auch der kleine Mann auf diesem Bild best\u00e4tigt das und befindet sich nicht gerade in seiner Wohlf\u00fchl-Phase, obwohl er zur Sicherheit ein kleineres Exemplar des wei\u00dfen Tiers umklammert. Nicht alle Kirmes-Erinnerungen fallen positiv auf. \ud83d\ude09<\/p>\n<p><img loading=\"lazy\" decoding=\"async\" class=\"size-full wp-image-19135 aligncenter\" src=\"https:\/\/www.kle-blatt.de\/blog\/wp-content\/uploads\/2016\/06\/klever-kirmes-1957-heinz-lankeit.jpg\" alt=\"Hattest Du als Kind Angst auf der Klever Kirmes?\" width=\"850\" height=\"1167\" \/><\/p>\n","protected":false},"excerpt":{"rendered":"<p>Hattest Du als Kind Angst auf der Klever Kirmes? Er streifte in den F\u00fcnfziger Jahren stets auf der Kirmes herum &hellip; <a href=\"https:\/\/www.kle-blatt.de\/blog\/kleve-in-foto-video\/aus-dem-privatalbum\/der-eisbaer-von-der-klever-kirmes.html\" class=\"more-link\"><span class=\"more-button\">Weiterlesen<span class=\"screen-reader-text\">Hattest Du als Kind Angst auf der Klever Kirmes?<\/span><\/span><\/a><\/p>\n","protected":false},"author":2,"featured_media":19135,"comment_status":"closed","ping_status":"closed","sticky":false,"template":"","format":"standard","meta":{"footnotes":""},"categories":[20],"tags":[4012,5017],"class_list":["post-19134","post","type-post","status-publish","format-standard","has-post-thumbnail","hentry","category-aus-dem-privatalbum","tag-der-eisbaer-von-der-klever-kirmes","tag-hattest-du-als-kind-angst-auf-der-klever-kirmes"],"_links":{"self":[{"href":"https:\/\/www.kle-blatt.de\/blog\/wp-json\/wp\/v2\/posts\/19134","targetHints":{"allow":["GET"]}}],"collection":[{"href":"https:\/\/www.kle-blatt.de\/blog\/wp-json\/wp\/v2\/posts"}],"about":[{"href":"https:\/\/www.kle-blatt.de\/blog\/wp-json\/wp\/v2\/types\/post"}],"author":[{"embeddable":true,"href":"https:\/\/www.kle-blatt.de\/blog\/wp-json\/wp\/v2\/users\/2"}],"replies":[{"embeddable":true,"href":"https:\/\/www.kle-blatt.de\/blog\/wp-json\/wp\/v2\/comments?post=19134"}],"version-history":[{"count":2,"href":"https:\/\/www.kle-blatt.de\/blog\/wp-json\/wp\/v2\/posts\/19134\/revisions"}],"predecessor-version":[{"id":33981,"href":"https:\/\/www.kle-blatt.de\/blog\/wp-json\/wp\/v2\/posts\/19134\/revisions\/33981"}],"wp:featuredmedia":[{"embeddable":true,"href":"https:\/\/www.kle-blatt.de\/blog\/wp-json\/wp\/v2\/media\/19135"}],"wp:attachment":[{"href":"https:\/\/www.kle-blatt.de\/blog\/wp-json\/wp\/v2\/media?parent=19134"}],"wp:term":[{"taxonomy":"category","embeddable":true,"href":"https:\/\/www.kle-blatt.de\/blog\/wp-json\/wp\/v2\/categories?post=19134"},{"taxonomy":"post_tag","embeddable":true,"href":"https:\/\/www.kle-blatt.de\/blog\/wp-json\/wp\/v2\/tags?post=19134"}],"curies":[{"name":"wp","href":"https:\/\/api.w.org\/{rel}","templated":true}]}}