{"id":19137,"date":"2021-07-28T06:20:20","date_gmt":"2021-07-28T04:20:20","guid":{"rendered":"http:\/\/www.kle-blatt.de\/blog\/?p=19137"},"modified":"2021-06-17T09:43:23","modified_gmt":"2021-06-17T07:43:23","slug":"die-mineralwasser-anstalt-von-cleve","status":"publish","type":"post","link":"https:\/\/www.kle-blatt.de\/blog\/kleve-in-foto-video\/die-mineralwasser-anstalt-von-cleve.html","title":{"rendered":"Wer wusste das? Die Mineralwasser-Anstalt von Cleve"},"content":{"rendered":"<p><strong>Wer wusste das? Die Mineralwasser-Anstalt von Cleve<\/strong><\/p>\n<p>Wir schreiben das Jahr 1848 und befinden uns im Forstgarten von Cleve, wo man gerade die k\u00fcnstliche Mineralwasser-Anstalt nach Dr. Struve sehen kann. Unter der \u00e4rztlichen Leitung des Sanit\u00e4rrat Dr. Arntz wurden derzeit diese Wasser-Heilanstalt und Sanatorium &#8222;Bad Cleve&#8220; mit Eisenquelle sowie russischen Dampfb\u00e4dern, Fichtennadel- und Mineralb\u00e4dern jeglicher Art, Massagen und Elektro-Therapie f\u00fcr Nerven- und Brustkranke gef\u00fchrt.<\/p>\n<p><img loading=\"lazy\" decoding=\"async\" class=\"size-full wp-image-19138 aligncenter\" src=\"https:\/\/www.kle-blatt.de\/blog\/wp-content\/uploads\/2016\/06\/mineralwasseranstalt-klein.jpg\" alt=\"Wer wusste das? Die Mineralwasser-Anstalt von Cleve\" width=\"850\" height=\"562\" \/><\/p>\n","protected":false},"excerpt":{"rendered":"<p>Wer wusste das? Die Mineralwasser-Anstalt von Cleve Wir schreiben das Jahr 1848 und befinden uns im Forstgarten von Cleve, wo &hellip; <a href=\"https:\/\/www.kle-blatt.de\/blog\/kleve-in-foto-video\/die-mineralwasser-anstalt-von-cleve.html\" class=\"more-link\"><span class=\"more-button\">Weiterlesen<span class=\"screen-reader-text\">Wer wusste das? Die Mineralwasser-Anstalt von Cleve<\/span><\/span><\/a><\/p>\n","protected":false},"author":2,"featured_media":19138,"comment_status":"open","ping_status":"closed","sticky":false,"template":"","format":"standard","meta":{"footnotes":""},"categories":[3],"tags":[4013],"class_list":["post-19137","post","type-post","status-publish","format-standard","has-post-thumbnail","hentry","category-kleve-in-foto-video","tag-die-mineralwasser-anstalt-von-cleve"],"_links":{"self":[{"href":"https:\/\/www.kle-blatt.de\/blog\/wp-json\/wp\/v2\/posts\/19137","targetHints":{"allow":["GET"]}}],"collection":[{"href":"https:\/\/www.kle-blatt.de\/blog\/wp-json\/wp\/v2\/posts"}],"about":[{"href":"https:\/\/www.kle-blatt.de\/blog\/wp-json\/wp\/v2\/types\/post"}],"author":[{"embeddable":true,"href":"https:\/\/www.kle-blatt.de\/blog\/wp-json\/wp\/v2\/users\/2"}],"replies":[{"embeddable":true,"href":"https:\/\/www.kle-blatt.de\/blog\/wp-json\/wp\/v2\/comments?post=19137"}],"version-history":[{"count":1,"href":"https:\/\/www.kle-blatt.de\/blog\/wp-json\/wp\/v2\/posts\/19137\/revisions"}],"predecessor-version":[{"id":28936,"href":"https:\/\/www.kle-blatt.de\/blog\/wp-json\/wp\/v2\/posts\/19137\/revisions\/28936"}],"wp:featuredmedia":[{"embeddable":true,"href":"https:\/\/www.kle-blatt.de\/blog\/wp-json\/wp\/v2\/media\/19138"}],"wp:attachment":[{"href":"https:\/\/www.kle-blatt.de\/blog\/wp-json\/wp\/v2\/media?parent=19137"}],"wp:term":[{"taxonomy":"category","embeddable":true,"href":"https:\/\/www.kle-blatt.de\/blog\/wp-json\/wp\/v2\/categories?post=19137"},{"taxonomy":"post_tag","embeddable":true,"href":"https:\/\/www.kle-blatt.de\/blog\/wp-json\/wp\/v2\/tags?post=19137"}],"curies":[{"name":"wp","href":"https:\/\/api.w.org\/{rel}","templated":true}]}}