{"id":19140,"date":"2022-07-15T05:30:35","date_gmt":"2022-07-15T03:30:35","guid":{"rendered":"http:\/\/www.kle-blatt.de\/blog\/?p=19140"},"modified":"2022-06-11T10:36:08","modified_gmt":"2022-06-11T08:36:08","slug":"der-neubau-der-union-verwaltung","status":"publish","type":"post","link":"https:\/\/www.kle-blatt.de\/blog\/kleve-in-foto-video\/aus-dem-privatalbum\/der-neubau-der-union-verwaltung.html","title":{"rendered":"Der Neubau der Union-Verwaltung"},"content":{"rendered":"<p><strong>Der Neubau der Union-Verwaltung<\/strong><\/p>\n<p>Wir sehen hier ein Bild vom Bau des Union-Verwaltungsgeb\u00e4udes, das nunmehr wieder abgerissen ist. Die altehrw\u00fcrdige und bei vielen Klevern noch bekannte Bauunternehmung M\u00fctter war ma\u00dfgeblich\u00a0&#8211; wie man hier auf dem Schild nachlesen kann &#8211; an den Bauarbeiten beteiligt. Lange hat dieses Geb\u00e4ude leer gestanden und diente lediglich noch den Graffiti-Sprayern als &#8222;Leinwand&#8220; oder &#8222;Stein-Werfern&#8220; als Zielscheibe f\u00fcr die Zerst\u00f6rung von Fenster- und T\u00fcrscheiben. Ein unvergessener Teil von Kleve.<\/p>\n<p><img loading=\"lazy\" decoding=\"async\" class=\"size-full wp-image-19141 aligncenter\" src=\"https:\/\/www.kle-blatt.de\/blog\/wp-content\/uploads\/2016\/06\/bau-union-verwaltung-gebr-m\u00fctter-klein.jpg\" alt=\"Der Neubau der Union-Verwaltung\" width=\"850\" height=\"573\" \/><br \/>\n(Foto: Fritz Wippich)<\/p>\n","protected":false},"excerpt":{"rendered":"<p>Der Neubau der Union-Verwaltung Wir sehen hier ein Bild vom Bau des Union-Verwaltungsgeb\u00e4udes, das nunmehr wieder abgerissen ist. Die altehrw\u00fcrdige &hellip; <a href=\"https:\/\/www.kle-blatt.de\/blog\/kleve-in-foto-video\/aus-dem-privatalbum\/der-neubau-der-union-verwaltung.html\" class=\"more-link\"><span class=\"more-button\">Weiterlesen<span class=\"screen-reader-text\">Der Neubau der Union-Verwaltung<\/span><\/span><\/a><\/p>\n","protected":false},"author":2,"featured_media":19141,"comment_status":"open","ping_status":"closed","sticky":false,"template":"","format":"standard","meta":{"footnotes":""},"categories":[20],"tags":[4014],"class_list":["post-19140","post","type-post","status-publish","format-standard","has-post-thumbnail","hentry","category-aus-dem-privatalbum","tag-der-neubau-der-union-verwaltung"],"_links":{"self":[{"href":"https:\/\/www.kle-blatt.de\/blog\/wp-json\/wp\/v2\/posts\/19140","targetHints":{"allow":["GET"]}}],"collection":[{"href":"https:\/\/www.kle-blatt.de\/blog\/wp-json\/wp\/v2\/posts"}],"about":[{"href":"https:\/\/www.kle-blatt.de\/blog\/wp-json\/wp\/v2\/types\/post"}],"author":[{"embeddable":true,"href":"https:\/\/www.kle-blatt.de\/blog\/wp-json\/wp\/v2\/users\/2"}],"replies":[{"embeddable":true,"href":"https:\/\/www.kle-blatt.de\/blog\/wp-json\/wp\/v2\/comments?post=19140"}],"version-history":[{"count":2,"href":"https:\/\/www.kle-blatt.de\/blog\/wp-json\/wp\/v2\/posts\/19140\/revisions"}],"predecessor-version":[{"id":30623,"href":"https:\/\/www.kle-blatt.de\/blog\/wp-json\/wp\/v2\/posts\/19140\/revisions\/30623"}],"wp:featuredmedia":[{"embeddable":true,"href":"https:\/\/www.kle-blatt.de\/blog\/wp-json\/wp\/v2\/media\/19141"}],"wp:attachment":[{"href":"https:\/\/www.kle-blatt.de\/blog\/wp-json\/wp\/v2\/media?parent=19140"}],"wp:term":[{"taxonomy":"category","embeddable":true,"href":"https:\/\/www.kle-blatt.de\/blog\/wp-json\/wp\/v2\/categories?post=19140"},{"taxonomy":"post_tag","embeddable":true,"href":"https:\/\/www.kle-blatt.de\/blog\/wp-json\/wp\/v2\/tags?post=19140"}],"curies":[{"name":"wp","href":"https:\/\/api.w.org\/{rel}","templated":true}]}}