{"id":19164,"date":"2022-07-18T05:10:18","date_gmt":"2022-07-18T03:10:18","guid":{"rendered":"http:\/\/www.kle-blatt.de\/blog\/?p=19164"},"modified":"2022-06-11T10:44:07","modified_gmt":"2022-06-11T08:44:07","slug":"das-alte-kellener-schuetzen-haus","status":"publish","type":"post","link":"https:\/\/www.kle-blatt.de\/blog\/kleve-in-foto-video\/aus-dem-privatalbum\/das-alte-kellener-schuetzen-haus.html","title":{"rendered":"So gesehen? Das alte Kellener Sch\u00fctzen-Haus"},"content":{"rendered":"<p><strong>So gesehen? Das alte Kellener Sch\u00fctzen-Haus<\/strong><\/p>\n<p>Fast noch interessanter anzuschauen, als das Geb\u00e4ude des Kellener Sch\u00fctzen-Hauses hier in den 50er\/60er Jahren sind die davor geparkten Automobile. Neben dem f\u00fcr damalige Verh\u00e4ltnisse unvermeidlichen VW-K\u00e4fer sehen wir auch eine Luxus-Limousine und den BMW Isetta, den man auch &#8222;Macht hoch die T\u00fcr&#8220; nannte, weil er von vorne ge\u00f6ffnet wurde und die gesamte Lenkung und Elektrik in dieser T\u00fcr besa\u00df. Auch ein in dieser Zeit geliebter Motorroller steht dort. Vespa oder Lambretta? Die Fachleute werden es wissen.<\/p>\n<p><img loading=\"lazy\" decoding=\"async\" class=\"size-full wp-image-19165 aligncenter\" src=\"https:\/\/www.kle-blatt.de\/blog\/wp-content\/uploads\/2016\/06\/sch\u00fctzenhaus-kellen-klein.jpg\" alt=\"So gesehen? Das alte Kellener Sch\u00fctzen-Haus\" width=\"850\" height=\"572\" \/><br \/>\n(Foto gezeigt von Carina K\u00f6ster)<\/p>\n","protected":false},"excerpt":{"rendered":"<p>So gesehen? Das alte Kellener Sch\u00fctzen-Haus Fast noch interessanter anzuschauen, als das Geb\u00e4ude des Kellener Sch\u00fctzen-Hauses hier in den 50er\/60er &hellip; <a href=\"https:\/\/www.kle-blatt.de\/blog\/kleve-in-foto-video\/aus-dem-privatalbum\/das-alte-kellener-schuetzen-haus.html\" class=\"more-link\"><span class=\"more-button\">Weiterlesen<span class=\"screen-reader-text\">So gesehen? Das alte Kellener Sch\u00fctzen-Haus<\/span><\/span><\/a><\/p>\n","protected":false},"author":2,"featured_media":19165,"comment_status":"open","ping_status":"closed","sticky":false,"template":"","format":"standard","meta":{"footnotes":""},"categories":[20],"tags":[4022],"class_list":["post-19164","post","type-post","status-publish","format-standard","has-post-thumbnail","hentry","category-aus-dem-privatalbum","tag-das-alte-kellener-schuetzen-haus"],"_links":{"self":[{"href":"https:\/\/www.kle-blatt.de\/blog\/wp-json\/wp\/v2\/posts\/19164","targetHints":{"allow":["GET"]}}],"collection":[{"href":"https:\/\/www.kle-blatt.de\/blog\/wp-json\/wp\/v2\/posts"}],"about":[{"href":"https:\/\/www.kle-blatt.de\/blog\/wp-json\/wp\/v2\/types\/post"}],"author":[{"embeddable":true,"href":"https:\/\/www.kle-blatt.de\/blog\/wp-json\/wp\/v2\/users\/2"}],"replies":[{"embeddable":true,"href":"https:\/\/www.kle-blatt.de\/blog\/wp-json\/wp\/v2\/comments?post=19164"}],"version-history":[{"count":2,"href":"https:\/\/www.kle-blatt.de\/blog\/wp-json\/wp\/v2\/posts\/19164\/revisions"}],"predecessor-version":[{"id":30629,"href":"https:\/\/www.kle-blatt.de\/blog\/wp-json\/wp\/v2\/posts\/19164\/revisions\/30629"}],"wp:featuredmedia":[{"embeddable":true,"href":"https:\/\/www.kle-blatt.de\/blog\/wp-json\/wp\/v2\/media\/19165"}],"wp:attachment":[{"href":"https:\/\/www.kle-blatt.de\/blog\/wp-json\/wp\/v2\/media?parent=19164"}],"wp:term":[{"taxonomy":"category","embeddable":true,"href":"https:\/\/www.kle-blatt.de\/blog\/wp-json\/wp\/v2\/categories?post=19164"},{"taxonomy":"post_tag","embeddable":true,"href":"https:\/\/www.kle-blatt.de\/blog\/wp-json\/wp\/v2\/tags?post=19164"}],"curies":[{"name":"wp","href":"https:\/\/api.w.org\/{rel}","templated":true}]}}