{"id":19167,"date":"2021-07-23T06:30:40","date_gmt":"2021-07-23T04:30:40","guid":{"rendered":"http:\/\/www.kle-blatt.de\/blog\/?p=19167"},"modified":"2021-06-16T12:35:27","modified_gmt":"2021-06-16T10:35:27","slug":"der-kasper-im-burgtheater","status":"publish","type":"post","link":"https:\/\/www.kle-blatt.de\/blog\/kleve-in-foto-video\/aus-dem-privatalbum\/der-kasper-im-burgtheater.html","title":{"rendered":"Gesehen? Der Kasper im Burgtheater"},"content":{"rendered":"<p><strong>Gesehen? Der Kasper im Burgtheater<\/strong><\/p>\n<p>Noch hatte das Klever Burgtheater die T\u00fcren ge\u00f6ffnet. Doch das Bild entstand bereits kurz vor der Schlie\u00dfung des beliebten Kinos und zeigt unter anderem auch Werbung f\u00fcr die Nachbarst\u00e4dte Goch und Geldern. Das wei\u00dfe Poster k\u00fcndigt f\u00fcr die Kinder einen Auftritt des Kasper im Burgtheater an. Neben einer Ank\u00fcndigung f\u00fcr Live- und Street-Theater in Kleve warb man f\u00fcr die Auftritte von Cordula Stratmann in Goch und G\u00f6tz Alsmann sowie Atze Schr\u00f6der in Geldern. Ja &#8211; die gab es damals schon. \ud83d\ude09<\/p>\n<p><img loading=\"lazy\" decoding=\"async\" class=\"size-full wp-image-19169 aligncenter\" src=\"https:\/\/www.kle-blatt.de\/blog\/wp-content\/uploads\/2016\/06\/DAS-BTK-ENDE-2002-021.jpg\" alt=\"Gesehen? Der Kasper im Burgtheater\" width=\"850\" height=\"548\" \/><br \/>\n(Foto: J\u00fcrgen Eickelkamp)<\/p>\n","protected":false},"excerpt":{"rendered":"<p>Gesehen? Der Kasper im Burgtheater Noch hatte das Klever Burgtheater die T\u00fcren ge\u00f6ffnet. Doch das Bild entstand bereits kurz vor &hellip; <a href=\"https:\/\/www.kle-blatt.de\/blog\/kleve-in-foto-video\/aus-dem-privatalbum\/der-kasper-im-burgtheater.html\" class=\"more-link\"><span class=\"more-button\">Weiterlesen<span class=\"screen-reader-text\">Gesehen? Der Kasper im Burgtheater<\/span><\/span><\/a><\/p>\n","protected":false},"author":2,"featured_media":19169,"comment_status":"open","ping_status":"closed","sticky":false,"template":"","format":"standard","meta":{"footnotes":""},"categories":[20],"tags":[4023],"class_list":["post-19167","post","type-post","status-publish","format-standard","has-post-thumbnail","hentry","category-aus-dem-privatalbum","tag-der-kasper-im-burgtheater"],"_links":{"self":[{"href":"https:\/\/www.kle-blatt.de\/blog\/wp-json\/wp\/v2\/posts\/19167","targetHints":{"allow":["GET"]}}],"collection":[{"href":"https:\/\/www.kle-blatt.de\/blog\/wp-json\/wp\/v2\/posts"}],"about":[{"href":"https:\/\/www.kle-blatt.de\/blog\/wp-json\/wp\/v2\/types\/post"}],"author":[{"embeddable":true,"href":"https:\/\/www.kle-blatt.de\/blog\/wp-json\/wp\/v2\/users\/2"}],"replies":[{"embeddable":true,"href":"https:\/\/www.kle-blatt.de\/blog\/wp-json\/wp\/v2\/comments?post=19167"}],"version-history":[{"count":2,"href":"https:\/\/www.kle-blatt.de\/blog\/wp-json\/wp\/v2\/posts\/19167\/revisions"}],"predecessor-version":[{"id":28930,"href":"https:\/\/www.kle-blatt.de\/blog\/wp-json\/wp\/v2\/posts\/19167\/revisions\/28930"}],"wp:featuredmedia":[{"embeddable":true,"href":"https:\/\/www.kle-blatt.de\/blog\/wp-json\/wp\/v2\/media\/19169"}],"wp:attachment":[{"href":"https:\/\/www.kle-blatt.de\/blog\/wp-json\/wp\/v2\/media?parent=19167"}],"wp:term":[{"taxonomy":"category","embeddable":true,"href":"https:\/\/www.kle-blatt.de\/blog\/wp-json\/wp\/v2\/categories?post=19167"},{"taxonomy":"post_tag","embeddable":true,"href":"https:\/\/www.kle-blatt.de\/blog\/wp-json\/wp\/v2\/tags?post=19167"}],"curies":[{"name":"wp","href":"https:\/\/api.w.org\/{rel}","templated":true}]}}