{"id":19183,"date":"2022-07-20T05:20:28","date_gmt":"2022-07-20T03:20:28","guid":{"rendered":"http:\/\/www.kle-blatt.de\/blog\/?p=19183"},"modified":"2022-06-14T10:27:00","modified_gmt":"2022-06-14T08:27:00","slug":"die-unvergessene-tanke-in-kellen","status":"publish","type":"post","link":"https:\/\/www.kle-blatt.de\/blog\/kleve-in-foto-video\/die-unvergessene-tanke-in-kellen.html","title":{"rendered":"Die unvergessene Tanke in Kellen"},"content":{"rendered":"<p><strong>Die unvergessene Tanke in Kellen<\/strong><\/p>\n<p>Diese Tankstelle an der Emmericher Stra\u00dfe in Kellen geh\u00f6rte Damals zu den beliebtesten in Kleve. Sie war immer etwas preisg\u00fcnstiger als anderswo und somit kam es oft genug zu Staus. Das Geb\u00e4ude steht dort immer noch, wird allerdings mittlerweile anderweitig genutzt.<\/p>\n<p><img loading=\"lazy\" decoding=\"async\" class=\"size-full wp-image-19184 aligncenter\" src=\"https:\/\/www.kle-blatt.de\/blog\/wp-content\/uploads\/2016\/06\/tankstelle-ema-kellen-klein-2.jpg\" alt=\"Die unvergessene Tanke in Kellen\" width=\"850\" height=\"566\" \/><br \/>\n(Foto: Alfred Derks)<\/p>\n","protected":false},"excerpt":{"rendered":"<p>Die unvergessene Tanke in Kellen Diese Tankstelle an der Emmericher Stra\u00dfe in Kellen geh\u00f6rte Damals zu den beliebtesten in Kleve. &hellip; <a href=\"https:\/\/www.kle-blatt.de\/blog\/kleve-in-foto-video\/die-unvergessene-tanke-in-kellen.html\" class=\"more-link\"><span class=\"more-button\">Weiterlesen<span class=\"screen-reader-text\">Die unvergessene Tanke in Kellen<\/span><\/span><\/a><\/p>\n","protected":false},"author":2,"featured_media":19184,"comment_status":"open","ping_status":"closed","sticky":false,"template":"","format":"standard","meta":{"footnotes":""},"categories":[3],"tags":[4028],"class_list":["post-19183","post","type-post","status-publish","format-standard","has-post-thumbnail","hentry","category-kleve-in-foto-video","tag-die-unvergessene-tanke-in-kellen"],"_links":{"self":[{"href":"https:\/\/www.kle-blatt.de\/blog\/wp-json\/wp\/v2\/posts\/19183","targetHints":{"allow":["GET"]}}],"collection":[{"href":"https:\/\/www.kle-blatt.de\/blog\/wp-json\/wp\/v2\/posts"}],"about":[{"href":"https:\/\/www.kle-blatt.de\/blog\/wp-json\/wp\/v2\/types\/post"}],"author":[{"embeddable":true,"href":"https:\/\/www.kle-blatt.de\/blog\/wp-json\/wp\/v2\/users\/2"}],"replies":[{"embeddable":true,"href":"https:\/\/www.kle-blatt.de\/blog\/wp-json\/wp\/v2\/comments?post=19183"}],"version-history":[{"count":2,"href":"https:\/\/www.kle-blatt.de\/blog\/wp-json\/wp\/v2\/posts\/19183\/revisions"}],"predecessor-version":[{"id":30638,"href":"https:\/\/www.kle-blatt.de\/blog\/wp-json\/wp\/v2\/posts\/19183\/revisions\/30638"}],"wp:featuredmedia":[{"embeddable":true,"href":"https:\/\/www.kle-blatt.de\/blog\/wp-json\/wp\/v2\/media\/19184"}],"wp:attachment":[{"href":"https:\/\/www.kle-blatt.de\/blog\/wp-json\/wp\/v2\/media?parent=19183"}],"wp:term":[{"taxonomy":"category","embeddable":true,"href":"https:\/\/www.kle-blatt.de\/blog\/wp-json\/wp\/v2\/categories?post=19183"},{"taxonomy":"post_tag","embeddable":true,"href":"https:\/\/www.kle-blatt.de\/blog\/wp-json\/wp\/v2\/tags?post=19183"}],"curies":[{"name":"wp","href":"https:\/\/api.w.org\/{rel}","templated":true}]}}