{"id":19212,"date":"2025-07-04T06:10:02","date_gmt":"2025-07-04T04:10:02","guid":{"rendered":"http:\/\/www.kle-blatt.de\/blog\/?p=19212"},"modified":"2025-05-13T10:52:48","modified_gmt":"2025-05-13T08:52:48","slug":"neue-mitte-in-der-mitte","status":"publish","type":"post","link":"https:\/\/www.kle-blatt.de\/blog\/kleve-in-foto-video\/neue-mitte-in-der-mitte.html","title":{"rendered":"Neue Mitte in der Mitte"},"content":{"rendered":"<p><strong>Neue Mitte in der Mitte<\/strong><\/p>\n<p>Exakt in der Mitte dieses alten Bildes von der Klever Innenstadt sehen wir das Geb\u00e4ude in dem sich damals das Schuhhaus Sch\u00fcrings und danach das Cafe&#8216; Sch\u00fcrings befand. Heute ist dort der Eingang zur Neuen Mitte.<\/p>\n<p><img loading=\"lazy\" decoding=\"async\" class=\"size-full wp-image-19213 aligncenter\" src=\"https:\/\/www.kle-blatt.de\/blog\/wp-content\/uploads\/2016\/07\/fischmarkt-gro\u00dfe-klein.jpg\" alt=\"Neue Mitte in der Mitte\" width=\"850\" height=\"587\" \/><br \/>\n(Foto gezeigt von Berry Sixtyfive)<\/p>\n","protected":false},"excerpt":{"rendered":"<p>Neue Mitte in der Mitte Exakt in der Mitte dieses alten Bildes von der Klever Innenstadt sehen wir das Geb\u00e4ude &hellip; <a href=\"https:\/\/www.kle-blatt.de\/blog\/kleve-in-foto-video\/neue-mitte-in-der-mitte.html\" class=\"more-link\"><span class=\"more-button\">Weiterlesen<span class=\"screen-reader-text\">Neue Mitte in der Mitte<\/span><\/span><\/a><\/p>\n","protected":false},"author":2,"featured_media":19213,"comment_status":"closed","ping_status":"closed","sticky":false,"template":"","format":"standard","meta":{"footnotes":""},"categories":[3],"tags":[4035],"class_list":["post-19212","post","type-post","status-publish","format-standard","has-post-thumbnail","hentry","category-kleve-in-foto-video","tag-neue-mitte-in-der-mitte"],"_links":{"self":[{"href":"https:\/\/www.kle-blatt.de\/blog\/wp-json\/wp\/v2\/posts\/19212","targetHints":{"allow":["GET"]}}],"collection":[{"href":"https:\/\/www.kle-blatt.de\/blog\/wp-json\/wp\/v2\/posts"}],"about":[{"href":"https:\/\/www.kle-blatt.de\/blog\/wp-json\/wp\/v2\/types\/post"}],"author":[{"embeddable":true,"href":"https:\/\/www.kle-blatt.de\/blog\/wp-json\/wp\/v2\/users\/2"}],"replies":[{"embeddable":true,"href":"https:\/\/www.kle-blatt.de\/blog\/wp-json\/wp\/v2\/comments?post=19212"}],"version-history":[{"count":2,"href":"https:\/\/www.kle-blatt.de\/blog\/wp-json\/wp\/v2\/posts\/19212\/revisions"}],"predecessor-version":[{"id":35367,"href":"https:\/\/www.kle-blatt.de\/blog\/wp-json\/wp\/v2\/posts\/19212\/revisions\/35367"}],"wp:featuredmedia":[{"embeddable":true,"href":"https:\/\/www.kle-blatt.de\/blog\/wp-json\/wp\/v2\/media\/19213"}],"wp:attachment":[{"href":"https:\/\/www.kle-blatt.de\/blog\/wp-json\/wp\/v2\/media?parent=19212"}],"wp:term":[{"taxonomy":"category","embeddable":true,"href":"https:\/\/www.kle-blatt.de\/blog\/wp-json\/wp\/v2\/categories?post=19212"},{"taxonomy":"post_tag","embeddable":true,"href":"https:\/\/www.kle-blatt.de\/blog\/wp-json\/wp\/v2\/tags?post=19212"}],"curies":[{"name":"wp","href":"https:\/\/api.w.org\/{rel}","templated":true}]}}