{"id":19215,"date":"2021-07-26T06:30:16","date_gmt":"2021-07-26T04:30:16","guid":{"rendered":"http:\/\/www.kle-blatt.de\/blog\/?p=19215"},"modified":"2021-06-16T12:48:35","modified_gmt":"2021-06-16T10:48:35","slug":"lecker-eis-am-stiel-in-kleve","status":"publish","type":"post","link":"https:\/\/www.kle-blatt.de\/blog\/kleve-in-foto-video\/aus-dem-privatalbum\/lecker-eis-am-stiel-in-kleve.html","title":{"rendered":"Das schmeckte immer schon: Lecker Eis am Stiel"},"content":{"rendered":"<p><strong>Das schmeckte immer schon: Lecker Eis am Stiel<\/strong><\/p>\n<p>Der Sommer ist dazu angetan, sich bei warmen Wetter auch mal ein Speiseeis zu g\u00f6nnen. Kinder lutschen traditionell am liebsten ein Eis am Stiel, wie man hier wundervoll beobachten kann. Die drei S\u00fc\u00dfen hocken auf der Fensterbank vor dem Schaufenster der Firma Du\u00dfling am Mittelweg. Ist allerdings schon ein paar J\u00e4hrchen her. \ud83d\ude09<\/p>\n<p><img loading=\"lazy\" decoding=\"async\" class=\"size-full wp-image-19216 aligncenter\" src=\"https:\/\/www.kle-blatt.de\/blog\/wp-content\/uploads\/2016\/07\/gesch\u00e4ft-du\u00dfling-mittelweg-klein.jpg\" alt=\"Das schmeckte immer schon: Lecker Eis am Stiel\" width=\"850\" height=\"560\" \/><br \/>\n(Foto: Sabine Du\u00dfling)<\/p>\n","protected":false},"excerpt":{"rendered":"<p>Das schmeckte immer schon: Lecker Eis am Stiel Der Sommer ist dazu angetan, sich bei warmen Wetter auch mal ein &hellip; <a href=\"https:\/\/www.kle-blatt.de\/blog\/kleve-in-foto-video\/aus-dem-privatalbum\/lecker-eis-am-stiel-in-kleve.html\" class=\"more-link\"><span class=\"more-button\">Weiterlesen<span class=\"screen-reader-text\">Das schmeckte immer schon: Lecker Eis am Stiel<\/span><\/span><\/a><\/p>\n","protected":false},"author":2,"featured_media":19216,"comment_status":"open","ping_status":"closed","sticky":false,"template":"","format":"standard","meta":{"footnotes":""},"categories":[20],"tags":[4036],"class_list":["post-19215","post","type-post","status-publish","format-standard","has-post-thumbnail","hentry","category-aus-dem-privatalbum","tag-lecker-eis-am-stiel-in-kleve"],"_links":{"self":[{"href":"https:\/\/www.kle-blatt.de\/blog\/wp-json\/wp\/v2\/posts\/19215","targetHints":{"allow":["GET"]}}],"collection":[{"href":"https:\/\/www.kle-blatt.de\/blog\/wp-json\/wp\/v2\/posts"}],"about":[{"href":"https:\/\/www.kle-blatt.de\/blog\/wp-json\/wp\/v2\/types\/post"}],"author":[{"embeddable":true,"href":"https:\/\/www.kle-blatt.de\/blog\/wp-json\/wp\/v2\/users\/2"}],"replies":[{"embeddable":true,"href":"https:\/\/www.kle-blatt.de\/blog\/wp-json\/wp\/v2\/comments?post=19215"}],"version-history":[{"count":2,"href":"https:\/\/www.kle-blatt.de\/blog\/wp-json\/wp\/v2\/posts\/19215\/revisions"}],"predecessor-version":[{"id":28934,"href":"https:\/\/www.kle-blatt.de\/blog\/wp-json\/wp\/v2\/posts\/19215\/revisions\/28934"}],"wp:featuredmedia":[{"embeddable":true,"href":"https:\/\/www.kle-blatt.de\/blog\/wp-json\/wp\/v2\/media\/19216"}],"wp:attachment":[{"href":"https:\/\/www.kle-blatt.de\/blog\/wp-json\/wp\/v2\/media?parent=19215"}],"wp:term":[{"taxonomy":"category","embeddable":true,"href":"https:\/\/www.kle-blatt.de\/blog\/wp-json\/wp\/v2\/categories?post=19215"},{"taxonomy":"post_tag","embeddable":true,"href":"https:\/\/www.kle-blatt.de\/blog\/wp-json\/wp\/v2\/tags?post=19215"}],"curies":[{"name":"wp","href":"https:\/\/api.w.org\/{rel}","templated":true}]}}