{"id":19309,"date":"2025-08-24T06:20:20","date_gmt":"2025-08-24T04:20:20","guid":{"rendered":"http:\/\/www.kle-blatt.de\/blog\/?p=19309"},"modified":"2025-07-04T11:08:59","modified_gmt":"2025-07-04T09:08:59","slug":"der-party-wagen-von-bimmen","status":"publish","type":"post","link":"https:\/\/www.kle-blatt.de\/blog\/kleve-in-foto-video\/aus-dem-privatalbum\/der-party-wagen-von-bimmen.html","title":{"rendered":"Mal gesehen? Der Party-Wagen von Bimmen"},"content":{"rendered":"<p><strong>Mal gesehen? Der Party-Wagen von Bimmen<\/strong><\/p>\n<p>Unter einem &#8222;Gesellschaftswagen&#8220; versteht man ein Gef\u00e4hrt, was zumindest mit einer Theke und einer Beschallungsanlage ausger\u00fcstet wird. In den F\u00fcnfziger Jahren wurden diese Fahrzeuge popul\u00e4r. Ob dieser Gesellschaftswagen der Kraftfahrtlinie Bimmen-Cleve bereits entsprechend ausger\u00fcstet war? W\u00e4re interessant zu wissen.<\/p>\n<p><img loading=\"lazy\" decoding=\"async\" class=\"size-full wp-image-19310 aligncenter\" src=\"https:\/\/www.kle-blatt.de\/blog\/wp-content\/uploads\/2016\/07\/gesellschaftswagen-klein.jpg\" alt=\"Mal gesehen? Der Party-Wagen von Bimmen\" width=\"850\" height=\"534\" \/><br \/>\n(Foto gezeigt von Walter Johann)<\/p>\n","protected":false},"excerpt":{"rendered":"<p>Mal gesehen? Der Party-Wagen von Bimmen Unter einem &#8222;Gesellschaftswagen&#8220; versteht man ein Gef\u00e4hrt, was zumindest mit einer Theke und einer &hellip; <a href=\"https:\/\/www.kle-blatt.de\/blog\/kleve-in-foto-video\/aus-dem-privatalbum\/der-party-wagen-von-bimmen.html\" class=\"more-link\"><span class=\"more-button\">Weiterlesen<span class=\"screen-reader-text\">Mal gesehen? Der Party-Wagen von Bimmen<\/span><\/span><\/a><\/p>\n","protected":false},"author":2,"featured_media":19310,"comment_status":"closed","ping_status":"closed","sticky":false,"template":"","format":"standard","meta":{"footnotes":""},"categories":[20,5279],"tags":[4047],"class_list":["post-19309","post","type-post","status-publish","format-standard","has-post-thumbnail","hentry","category-aus-dem-privatalbum","category-klever-musik-und-diskoszene","tag-der-party-wagen-von-bimmen"],"_links":{"self":[{"href":"https:\/\/www.kle-blatt.de\/blog\/wp-json\/wp\/v2\/posts\/19309","targetHints":{"allow":["GET"]}}],"collection":[{"href":"https:\/\/www.kle-blatt.de\/blog\/wp-json\/wp\/v2\/posts"}],"about":[{"href":"https:\/\/www.kle-blatt.de\/blog\/wp-json\/wp\/v2\/types\/post"}],"author":[{"embeddable":true,"href":"https:\/\/www.kle-blatt.de\/blog\/wp-json\/wp\/v2\/users\/2"}],"replies":[{"embeddable":true,"href":"https:\/\/www.kle-blatt.de\/blog\/wp-json\/wp\/v2\/comments?post=19309"}],"version-history":[{"count":1,"href":"https:\/\/www.kle-blatt.de\/blog\/wp-json\/wp\/v2\/posts\/19309\/revisions"}],"predecessor-version":[{"id":29027,"href":"https:\/\/www.kle-blatt.de\/blog\/wp-json\/wp\/v2\/posts\/19309\/revisions\/29027"}],"wp:featuredmedia":[{"embeddable":true,"href":"https:\/\/www.kle-blatt.de\/blog\/wp-json\/wp\/v2\/media\/19310"}],"wp:attachment":[{"href":"https:\/\/www.kle-blatt.de\/blog\/wp-json\/wp\/v2\/media?parent=19309"}],"wp:term":[{"taxonomy":"category","embeddable":true,"href":"https:\/\/www.kle-blatt.de\/blog\/wp-json\/wp\/v2\/categories?post=19309"},{"taxonomy":"post_tag","embeddable":true,"href":"https:\/\/www.kle-blatt.de\/blog\/wp-json\/wp\/v2\/tags?post=19309"}],"curies":[{"name":"wp","href":"https:\/\/api.w.org\/{rel}","templated":true}]}}