{"id":19312,"date":"2024-08-01T06:10:36","date_gmt":"2024-08-01T04:10:36","guid":{"rendered":"http:\/\/www.kle-blatt.de\/blog\/?p=19312"},"modified":"2024-08-02T09:54:20","modified_gmt":"2024-08-02T07:54:20","slug":"lkw-karavane-am-opschlag","status":"publish","type":"post","link":"https:\/\/www.kle-blatt.de\/blog\/kleve-in-foto-video\/lkw-karavane-am-opschlag.html","title":{"rendered":"LKW-Karavane am Opschlag"},"content":{"rendered":"<p><strong>LKW-Karavane am Opschlag<\/strong><\/p>\n<p>Als die Klever Spedition Heeck ihre Verwaltung noch an der Herzogbr\u00fccke hatte, konnte man mitunter den kompletten Fuhrpark der Firma besichtigen. Wie man auf diesem Bild sieht, herrschte kein Auto-Verkehr, sondern die Menschen waren noch zu Fu\u00df oder mit dem Fahrrad unterwegs. Interessant auch die damals auf der Br\u00fccke installierten sch\u00f6nen Laternen.<\/p>\n<p><img loading=\"lazy\" decoding=\"async\" class=\"size-full wp-image-19313 aligncenter\" src=\"http:\/\/www.kle-blatt.de\/blog\/wp-content\/uploads\/2016\/07\/heek-1952-klein.jpg\" alt=\"heek 1952-klein\" width=\"850\" height=\"520\" \/><br \/>\n(Foto gezeigt von Berry Sixtyfive)<\/p>\n","protected":false},"excerpt":{"rendered":"<p>LKW-Karavane am Opschlag Als die Klever Spedition Heeck ihre Verwaltung noch an der Herzogbr\u00fccke hatte, konnte man mitunter den kompletten &hellip; <a href=\"https:\/\/www.kle-blatt.de\/blog\/kleve-in-foto-video\/lkw-karavane-am-opschlag.html\" class=\"more-link\"><span class=\"more-button\">Weiterlesen<span class=\"screen-reader-text\">LKW-Karavane am Opschlag<\/span><\/span><\/a><\/p>\n","protected":false},"author":2,"featured_media":19313,"comment_status":"closed","ping_status":"closed","sticky":false,"template":"","format":"standard","meta":{"footnotes":""},"categories":[3],"tags":[4048],"class_list":["post-19312","post","type-post","status-publish","format-standard","has-post-thumbnail","hentry","category-kleve-in-foto-video","tag-lkw-karavane-am-opschlag"],"_links":{"self":[{"href":"https:\/\/www.kle-blatt.de\/blog\/wp-json\/wp\/v2\/posts\/19312","targetHints":{"allow":["GET"]}}],"collection":[{"href":"https:\/\/www.kle-blatt.de\/blog\/wp-json\/wp\/v2\/posts"}],"about":[{"href":"https:\/\/www.kle-blatt.de\/blog\/wp-json\/wp\/v2\/types\/post"}],"author":[{"embeddable":true,"href":"https:\/\/www.kle-blatt.de\/blog\/wp-json\/wp\/v2\/users\/2"}],"replies":[{"embeddable":true,"href":"https:\/\/www.kle-blatt.de\/blog\/wp-json\/wp\/v2\/comments?post=19312"}],"version-history":[{"count":3,"href":"https:\/\/www.kle-blatt.de\/blog\/wp-json\/wp\/v2\/posts\/19312\/revisions"}],"predecessor-version":[{"id":34239,"href":"https:\/\/www.kle-blatt.de\/blog\/wp-json\/wp\/v2\/posts\/19312\/revisions\/34239"}],"wp:featuredmedia":[{"embeddable":true,"href":"https:\/\/www.kle-blatt.de\/blog\/wp-json\/wp\/v2\/media\/19313"}],"wp:attachment":[{"href":"https:\/\/www.kle-blatt.de\/blog\/wp-json\/wp\/v2\/media?parent=19312"}],"wp:term":[{"taxonomy":"category","embeddable":true,"href":"https:\/\/www.kle-blatt.de\/blog\/wp-json\/wp\/v2\/categories?post=19312"},{"taxonomy":"post_tag","embeddable":true,"href":"https:\/\/www.kle-blatt.de\/blog\/wp-json\/wp\/v2\/tags?post=19312"}],"curies":[{"name":"wp","href":"https:\/\/api.w.org\/{rel}","templated":true}]}}