{"id":19322,"date":"2024-08-03T06:30:38","date_gmt":"2024-08-03T04:30:38","guid":{"rendered":"http:\/\/www.kle-blatt.de\/blog\/?p=19322"},"modified":"2024-07-01T15:13:39","modified_gmt":"2024-07-01T13:13:39","slug":"kleve-in-den-goldenen-zwanzigern","status":"publish","type":"post","link":"https:\/\/www.kle-blatt.de\/blog\/kleve-in-foto-video\/kleve-in-den-goldenen-zwanzigern.html","title":{"rendered":"Kleve in den Goldenen Zwanzigern"},"content":{"rendered":"<p><strong>Kleve in den Goldenen Zwanzigern<\/strong><\/p>\n<p>So sah es am Fischmarkt Anfang der Zwanziger Jahre in Kleve aus. Die Stra\u00dfenbahn fuhr die Stadt hoch. Es war\u00a0ganz sch\u00f6n was los hier, wie man an den zahlreichen Menschen feststellen muss. Ein gro\u00dfartiges Cabrio steht hinter der &#8222;Elektrischen&#8220; und wartet auf die Leute, die dort gerade aus- und einsteigen. Die Leute lie\u00dfen sich noch nicht vom Stra\u00dfenverkehr beeindrucken und hielten trotzdem weiter ihr Schw\u00e4tzchen mitten auf der gepflasterten Stra\u00dfe. Beeindruckend.<\/p>\n<p><img loading=\"lazy\" decoding=\"async\" class=\"size-full wp-image-19323 aligncenter\" src=\"https:\/\/www.kle-blatt.de\/blog\/wp-content\/uploads\/2016\/07\/kleve-1920.jpg\" alt=\"Kleve in den Goldenen Zwanzigern\" width=\"850\" height=\"1128\" \/><br \/>\n(Foto gezeigt von Berry Sixtyfive)<\/p>\n","protected":false},"excerpt":{"rendered":"<p>Kleve in den Goldenen Zwanzigern So sah es am Fischmarkt Anfang der Zwanziger Jahre in Kleve aus. Die Stra\u00dfenbahn fuhr &hellip; <a href=\"https:\/\/www.kle-blatt.de\/blog\/kleve-in-foto-video\/kleve-in-den-goldenen-zwanzigern.html\" class=\"more-link\"><span class=\"more-button\">Weiterlesen<span class=\"screen-reader-text\">Kleve in den Goldenen Zwanzigern<\/span><\/span><\/a><\/p>\n","protected":false},"author":2,"featured_media":19323,"comment_status":"closed","ping_status":"closed","sticky":false,"template":"","format":"standard","meta":{"footnotes":""},"categories":[3],"tags":[4051],"class_list":["post-19322","post","type-post","status-publish","format-standard","has-post-thumbnail","hentry","category-kleve-in-foto-video","tag-kleve-in-den-goldenen-zwanzigern"],"_links":{"self":[{"href":"https:\/\/www.kle-blatt.de\/blog\/wp-json\/wp\/v2\/posts\/19322","targetHints":{"allow":["GET"]}}],"collection":[{"href":"https:\/\/www.kle-blatt.de\/blog\/wp-json\/wp\/v2\/posts"}],"about":[{"href":"https:\/\/www.kle-blatt.de\/blog\/wp-json\/wp\/v2\/types\/post"}],"author":[{"embeddable":true,"href":"https:\/\/www.kle-blatt.de\/blog\/wp-json\/wp\/v2\/users\/2"}],"replies":[{"embeddable":true,"href":"https:\/\/www.kle-blatt.de\/blog\/wp-json\/wp\/v2\/comments?post=19322"}],"version-history":[{"count":2,"href":"https:\/\/www.kle-blatt.de\/blog\/wp-json\/wp\/v2\/posts\/19322\/revisions"}],"predecessor-version":[{"id":34029,"href":"https:\/\/www.kle-blatt.de\/blog\/wp-json\/wp\/v2\/posts\/19322\/revisions\/34029"}],"wp:featuredmedia":[{"embeddable":true,"href":"https:\/\/www.kle-blatt.de\/blog\/wp-json\/wp\/v2\/media\/19323"}],"wp:attachment":[{"href":"https:\/\/www.kle-blatt.de\/blog\/wp-json\/wp\/v2\/media?parent=19322"}],"wp:term":[{"taxonomy":"category","embeddable":true,"href":"https:\/\/www.kle-blatt.de\/blog\/wp-json\/wp\/v2\/categories?post=19322"},{"taxonomy":"post_tag","embeddable":true,"href":"https:\/\/www.kle-blatt.de\/blog\/wp-json\/wp\/v2\/tags?post=19322"}],"curies":[{"name":"wp","href":"https:\/\/api.w.org\/{rel}","templated":true}]}}