{"id":19342,"date":"2022-08-14T05:20:40","date_gmt":"2022-08-14T03:20:40","guid":{"rendered":"http:\/\/www.kle-blatt.de\/blog\/?p=19342"},"modified":"2022-07-14T12:42:17","modified_gmt":"2022-07-14T10:42:17","slug":"die-sonderpostkarte-der-rheinbruecke-emmerich-kleve","status":"publish","type":"post","link":"https:\/\/www.kle-blatt.de\/blog\/kleve-in-foto-video\/aus-dem-privatalbum\/die-sonderpostkarte-der-rheinbruecke-emmerich-kleve.html","title":{"rendered":"Die Sonderpostkarte der Rheinbr\u00fccke Emmerich-Kleve"},"content":{"rendered":"<p><strong>Die Sonderpostkarte der Rheinbr\u00fccke Emmerich-Kleve<\/strong><\/p>\n<p>Der wahre Briefmarkensammler wird diesen Ersttagsbrief besitzen, zumindest wenn er aus dem Kleverland kommt. Anl\u00e4sslich der Er\u00f6ffnung der Rheinbr\u00fccke zwischen Kleve und Emmerich gab die Bundespost diese Sonderpostkarte heraus. Man sieht die Rheinbr\u00fccke darauf noch im Bau. Nun &#8211; man hatte ja noch kein Foto f\u00fcr diesen Druck im fertigen Zustand des Bauwerks. \ud83d\ude42<\/p>\n<p><img loading=\"lazy\" decoding=\"async\" class=\"size-full wp-image-19343 aligncenter\" src=\"https:\/\/www.kle-blatt.de\/blog\/wp-content\/uploads\/2016\/07\/sonderpostkarte-klein.jpg\" alt=\"Die Sonderpostkarte der Rheinbr\u00fccke Emmerich-Kleve\" width=\"850\" height=\"585\" \/><br \/>\n(Foto gezeigt von Berry Sixtyfive)<\/p>\n","protected":false},"excerpt":{"rendered":"<p>Die Sonderpostkarte der Rheinbr\u00fccke Emmerich-Kleve Der wahre Briefmarkensammler wird diesen Ersttagsbrief besitzen, zumindest wenn er aus dem Kleverland kommt. Anl\u00e4sslich &hellip; <a href=\"https:\/\/www.kle-blatt.de\/blog\/kleve-in-foto-video\/aus-dem-privatalbum\/die-sonderpostkarte-der-rheinbruecke-emmerich-kleve.html\" class=\"more-link\"><span class=\"more-button\">Weiterlesen<span class=\"screen-reader-text\">Die Sonderpostkarte der Rheinbr\u00fccke Emmerich-Kleve<\/span><\/span><\/a><\/p>\n","protected":false},"author":2,"featured_media":19343,"comment_status":"open","ping_status":"closed","sticky":false,"template":"","format":"standard","meta":{"footnotes":""},"categories":[20],"tags":[4058],"class_list":["post-19342","post","type-post","status-publish","format-standard","has-post-thumbnail","hentry","category-aus-dem-privatalbum","tag-die-sonderpostkarte-der-rheinbruecke-emmerich-kleve"],"_links":{"self":[{"href":"https:\/\/www.kle-blatt.de\/blog\/wp-json\/wp\/v2\/posts\/19342","targetHints":{"allow":["GET"]}}],"collection":[{"href":"https:\/\/www.kle-blatt.de\/blog\/wp-json\/wp\/v2\/posts"}],"about":[{"href":"https:\/\/www.kle-blatt.de\/blog\/wp-json\/wp\/v2\/types\/post"}],"author":[{"embeddable":true,"href":"https:\/\/www.kle-blatt.de\/blog\/wp-json\/wp\/v2\/users\/2"}],"replies":[{"embeddable":true,"href":"https:\/\/www.kle-blatt.de\/blog\/wp-json\/wp\/v2\/comments?post=19342"}],"version-history":[{"count":2,"href":"https:\/\/www.kle-blatt.de\/blog\/wp-json\/wp\/v2\/posts\/19342\/revisions"}],"predecessor-version":[{"id":30786,"href":"https:\/\/www.kle-blatt.de\/blog\/wp-json\/wp\/v2\/posts\/19342\/revisions\/30786"}],"wp:featuredmedia":[{"embeddable":true,"href":"https:\/\/www.kle-blatt.de\/blog\/wp-json\/wp\/v2\/media\/19343"}],"wp:attachment":[{"href":"https:\/\/www.kle-blatt.de\/blog\/wp-json\/wp\/v2\/media?parent=19342"}],"wp:term":[{"taxonomy":"category","embeddable":true,"href":"https:\/\/www.kle-blatt.de\/blog\/wp-json\/wp\/v2\/categories?post=19342"},{"taxonomy":"post_tag","embeddable":true,"href":"https:\/\/www.kle-blatt.de\/blog\/wp-json\/wp\/v2\/tags?post=19342"}],"curies":[{"name":"wp","href":"https:\/\/api.w.org\/{rel}","templated":true}]}}