{"id":19360,"date":"2024-08-15T07:00:05","date_gmt":"2024-08-15T05:00:05","guid":{"rendered":"http:\/\/www.kle-blatt.de\/blog\/?p=19360"},"modified":"2024-07-03T13:05:12","modified_gmt":"2024-07-03T11:05:12","slug":"world-center-das-zentrum-der-welt-in-kleve","status":"publish","type":"post","link":"https:\/\/www.kle-blatt.de\/blog\/kleve-in-foto-video\/aus-dem-privatalbum\/world-center-das-zentrum-der-welt-in-kleve.html","title":{"rendered":"Denkst Du manchmal noch daran? World Center &#8211; Das Zentrum der Welt in Kleve"},"content":{"rendered":"<p><strong>Denkst Du manchmal noch daran? World Center &#8211; Das Zentrum der Welt in Kleve<\/strong><\/p>\n<p>Rappelvoll und kaum noch Luft zum Atmen. So pr\u00e4sentierte sich einst die gr\u00f6\u00dfte Diskothek in Kleve &#8211; das World Center. Beim Anblick dieses Bildes sollte man meinen, das ein solches Unternehmen gen\u00fcgend Umsatz macht, um seinen Betrieb aufrecht zu erhalten. Leider war dem nicht so und der tolle Feier-Tempel ist schon l\u00e4ngst Geschichte. Vielleicht erkennt sich der\/die Andere hier wieder und erinnert sich an sch\u00f6ne Zeiten.<\/p>\n<p><img loading=\"lazy\" decoding=\"async\" class=\"size-full wp-image-19361 aligncenter\" src=\"https:\/\/www.kle-blatt.de\/blog\/wp-content\/uploads\/2016\/07\/world-center-klein.jpg\" alt=\"Denkst Du manchmal noch daran? World Center - Das Zentrum der Welt in Kleve\" width=\"849\" height=\"537\" \/><br \/>\n(Foto: Schmaly)<\/p>\n","protected":false},"excerpt":{"rendered":"<p>Denkst Du manchmal noch daran? World Center &#8211; Das Zentrum der Welt in Kleve Rappelvoll und kaum noch Luft zum &hellip; <a href=\"https:\/\/www.kle-blatt.de\/blog\/kleve-in-foto-video\/aus-dem-privatalbum\/world-center-das-zentrum-der-welt-in-kleve.html\" class=\"more-link\"><span class=\"more-button\">Weiterlesen<span class=\"screen-reader-text\">Denkst Du manchmal noch daran? World Center &#8211; Das Zentrum der Welt in Kleve<\/span><\/span><\/a><\/p>\n","protected":false},"author":2,"featured_media":19361,"comment_status":"closed","ping_status":"closed","sticky":false,"template":"","format":"standard","meta":{"footnotes":""},"categories":[20,5279],"tags":[5041],"class_list":["post-19360","post","type-post","status-publish","format-standard","has-post-thumbnail","hentry","category-aus-dem-privatalbum","category-klever-musik-und-diskoszene","tag-denkst-du-manchmal-noch-daran-world-center-das-zentrum-der-welt-in-kleve"],"_links":{"self":[{"href":"https:\/\/www.kle-blatt.de\/blog\/wp-json\/wp\/v2\/posts\/19360","targetHints":{"allow":["GET"]}}],"collection":[{"href":"https:\/\/www.kle-blatt.de\/blog\/wp-json\/wp\/v2\/posts"}],"about":[{"href":"https:\/\/www.kle-blatt.de\/blog\/wp-json\/wp\/v2\/types\/post"}],"author":[{"embeddable":true,"href":"https:\/\/www.kle-blatt.de\/blog\/wp-json\/wp\/v2\/users\/2"}],"replies":[{"embeddable":true,"href":"https:\/\/www.kle-blatt.de\/blog\/wp-json\/wp\/v2\/comments?post=19360"}],"version-history":[{"count":2,"href":"https:\/\/www.kle-blatt.de\/blog\/wp-json\/wp\/v2\/posts\/19360\/revisions"}],"predecessor-version":[{"id":34094,"href":"https:\/\/www.kle-blatt.de\/blog\/wp-json\/wp\/v2\/posts\/19360\/revisions\/34094"}],"wp:featuredmedia":[{"embeddable":true,"href":"https:\/\/www.kle-blatt.de\/blog\/wp-json\/wp\/v2\/media\/19361"}],"wp:attachment":[{"href":"https:\/\/www.kle-blatt.de\/blog\/wp-json\/wp\/v2\/media?parent=19360"}],"wp:term":[{"taxonomy":"category","embeddable":true,"href":"https:\/\/www.kle-blatt.de\/blog\/wp-json\/wp\/v2\/categories?post=19360"},{"taxonomy":"post_tag","embeddable":true,"href":"https:\/\/www.kle-blatt.de\/blog\/wp-json\/wp\/v2\/tags?post=19360"}],"curies":[{"name":"wp","href":"https:\/\/api.w.org\/{rel}","templated":true}]}}