{"id":19363,"date":"2024-08-04T06:30:22","date_gmt":"2024-08-04T04:30:22","guid":{"rendered":"http:\/\/www.kle-blatt.de\/blog\/?p=19363"},"modified":"2024-07-02T11:05:32","modified_gmt":"2024-07-02T09:05:32","slug":"schwertransporte-aus-kleve","status":"publish","type":"post","link":"https:\/\/www.kle-blatt.de\/blog\/kleve-in-foto-video\/schwertransporte-aus-kleve.html","title":{"rendered":"Schwertransporte aus Kleve"},"content":{"rendered":"<p><strong>Schwertransporte aus Kleve<\/strong><\/p>\n<p>Bereits in den Achtziger Jahren, wie hier zu sehen, fanden die regelm\u00e4\u00dfig in Radio und Presse bekannt gegebenen Schwertransporte der Klever Firma Winkels statt. Ab und zu entdeckte man die dort fertig gestellten riesigen Rohr-T\u00fcrme stehen, deren Transport im Rahmen der Logistik sorgf\u00e4ltig geplant werden m\u00fcssen.<\/p>\n<p><img loading=\"lazy\" decoding=\"async\" class=\"size-full wp-image-19364 aligncenter\" src=\"https:\/\/www.kle-blatt.de\/blog\/wp-content\/uploads\/2016\/07\/53-winkels-achziger.jpg\" alt=\"Schwertransporte aus Kleve\" width=\"850\" height=\"562\" \/><br \/>\n(Foto: &#8222;1948 W\u00e4hrungsreform &#8211; 40 Jahre danach&#8220; &#8211;<\/p>\n","protected":false},"excerpt":{"rendered":"<p>Schwertransporte aus Kleve Bereits in den Achtziger Jahren, wie hier zu sehen, fanden die regelm\u00e4\u00dfig in Radio und Presse bekannt &hellip; <a href=\"https:\/\/www.kle-blatt.de\/blog\/kleve-in-foto-video\/schwertransporte-aus-kleve.html\" class=\"more-link\"><span class=\"more-button\">Weiterlesen<span class=\"screen-reader-text\">Schwertransporte aus Kleve<\/span><\/span><\/a><\/p>\n","protected":false},"author":2,"featured_media":19364,"comment_status":"closed","ping_status":"closed","sticky":false,"template":"","format":"standard","meta":{"footnotes":""},"categories":[3],"tags":[4065],"class_list":["post-19363","post","type-post","status-publish","format-standard","has-post-thumbnail","hentry","category-kleve-in-foto-video","tag-schwertransporte-aus-kleve"],"_links":{"self":[{"href":"https:\/\/www.kle-blatt.de\/blog\/wp-json\/wp\/v2\/posts\/19363","targetHints":{"allow":["GET"]}}],"collection":[{"href":"https:\/\/www.kle-blatt.de\/blog\/wp-json\/wp\/v2\/posts"}],"about":[{"href":"https:\/\/www.kle-blatt.de\/blog\/wp-json\/wp\/v2\/types\/post"}],"author":[{"embeddable":true,"href":"https:\/\/www.kle-blatt.de\/blog\/wp-json\/wp\/v2\/users\/2"}],"replies":[{"embeddable":true,"href":"https:\/\/www.kle-blatt.de\/blog\/wp-json\/wp\/v2\/comments?post=19363"}],"version-history":[{"count":2,"href":"https:\/\/www.kle-blatt.de\/blog\/wp-json\/wp\/v2\/posts\/19363\/revisions"}],"predecessor-version":[{"id":34033,"href":"https:\/\/www.kle-blatt.de\/blog\/wp-json\/wp\/v2\/posts\/19363\/revisions\/34033"}],"wp:featuredmedia":[{"embeddable":true,"href":"https:\/\/www.kle-blatt.de\/blog\/wp-json\/wp\/v2\/media\/19364"}],"wp:attachment":[{"href":"https:\/\/www.kle-blatt.de\/blog\/wp-json\/wp\/v2\/media?parent=19363"}],"wp:term":[{"taxonomy":"category","embeddable":true,"href":"https:\/\/www.kle-blatt.de\/blog\/wp-json\/wp\/v2\/categories?post=19363"},{"taxonomy":"post_tag","embeddable":true,"href":"https:\/\/www.kle-blatt.de\/blog\/wp-json\/wp\/v2\/tags?post=19363"}],"curies":[{"name":"wp","href":"https:\/\/api.w.org\/{rel}","templated":true}]}}