{"id":19366,"date":"2023-08-08T06:10:25","date_gmt":"2023-08-08T04:10:25","guid":{"rendered":"http:\/\/www.kle-blatt.de\/blog\/?p=19366"},"modified":"2023-07-16T11:04:21","modified_gmt":"2023-07-16T09:04:21","slug":"die-alte-spyckstrasse-von-kleve","status":"publish","type":"post","link":"https:\/\/www.kle-blatt.de\/blog\/kleve-in-foto-video\/die-alte-spyckstrasse-von-kleve.html","title":{"rendered":"Die alte Spyckstra\u00dfe von Kleve"},"content":{"rendered":"<p><strong>Die alte Spyckstra\u00dfe von Kleve<\/strong><\/p>\n<p>Es ist mehr als hundert Jahre her, als dieses Foto entstand. Aufgenommen wurde es seinerzeit vom Klever Fotografen Josef Labs. Solche Ansichten vereinzelter Stra\u00dfen gab es h\u00e4ufig zu dieser Zeit in Kleve. Die Stra\u00dfen waren noch nicht befestigt. Man sah noch Gaslaternen und Ligusterhecken. Im Hintergrund links erahnt man noch die Schwanenburg.<\/p>\n<p><img loading=\"lazy\" decoding=\"async\" class=\"size-full wp-image-19367 aligncenter\" src=\"https:\/\/www.kle-blatt.de\/blog\/wp-content\/uploads\/2016\/07\/spyckstrasse-14.jpg\" alt=\"Die alte Spyckstra\u00dfe von Kleve\" width=\"850\" height=\"467\" \/><br \/>\n(Mit freundlicher Genehmigung von Klaus Radermacher aus seinem Buch \u201eBad Cleve in Photographien um die Jahrhundertwende\u201c)<\/p>\n","protected":false},"excerpt":{"rendered":"<p>Die alte Spyckstra\u00dfe von Kleve Es ist mehr als hundert Jahre her, als dieses Foto entstand. Aufgenommen wurde es seinerzeit &hellip; <a href=\"https:\/\/www.kle-blatt.de\/blog\/kleve-in-foto-video\/die-alte-spyckstrasse-von-kleve.html\" class=\"more-link\"><span class=\"more-button\">Weiterlesen<span class=\"screen-reader-text\">Die alte Spyckstra\u00dfe von Kleve<\/span><\/span><\/a><\/p>\n","protected":false},"author":2,"featured_media":19367,"comment_status":"open","ping_status":"closed","sticky":false,"template":"","format":"standard","meta":{"footnotes":""},"categories":[3],"tags":[4066],"class_list":["post-19366","post","type-post","status-publish","format-standard","has-post-thumbnail","hentry","category-kleve-in-foto-video","tag-die-alte-spyckstrasse-von-kleve"],"_links":{"self":[{"href":"https:\/\/www.kle-blatt.de\/blog\/wp-json\/wp\/v2\/posts\/19366","targetHints":{"allow":["GET"]}}],"collection":[{"href":"https:\/\/www.kle-blatt.de\/blog\/wp-json\/wp\/v2\/posts"}],"about":[{"href":"https:\/\/www.kle-blatt.de\/blog\/wp-json\/wp\/v2\/types\/post"}],"author":[{"embeddable":true,"href":"https:\/\/www.kle-blatt.de\/blog\/wp-json\/wp\/v2\/users\/2"}],"replies":[{"embeddable":true,"href":"https:\/\/www.kle-blatt.de\/blog\/wp-json\/wp\/v2\/comments?post=19366"}],"version-history":[{"count":3,"href":"https:\/\/www.kle-blatt.de\/blog\/wp-json\/wp\/v2\/posts\/19366\/revisions"}],"predecessor-version":[{"id":32424,"href":"https:\/\/www.kle-blatt.de\/blog\/wp-json\/wp\/v2\/posts\/19366\/revisions\/32424"}],"wp:featuredmedia":[{"embeddable":true,"href":"https:\/\/www.kle-blatt.de\/blog\/wp-json\/wp\/v2\/media\/19367"}],"wp:attachment":[{"href":"https:\/\/www.kle-blatt.de\/blog\/wp-json\/wp\/v2\/media?parent=19366"}],"wp:term":[{"taxonomy":"category","embeddable":true,"href":"https:\/\/www.kle-blatt.de\/blog\/wp-json\/wp\/v2\/categories?post=19366"},{"taxonomy":"post_tag","embeddable":true,"href":"https:\/\/www.kle-blatt.de\/blog\/wp-json\/wp\/v2\/tags?post=19366"}],"curies":[{"name":"wp","href":"https:\/\/api.w.org\/{rel}","templated":true}]}}