{"id":19403,"date":"2025-08-02T07:10:01","date_gmt":"2025-08-02T05:10:01","guid":{"rendered":"http:\/\/www.kle-blatt.de\/blog\/?p=19403"},"modified":"2025-07-03T11:14:04","modified_gmt":"2025-07-03T09:14:04","slug":"die-mittelstadt-schule-von-kleve","status":"publish","type":"post","link":"https:\/\/www.kle-blatt.de\/blog\/kleve-in-foto-video\/die-mittelstadt-schule-von-kleve.html","title":{"rendered":"Die Mittelstadt-Schule von Kleve"},"content":{"rendered":"<p><strong>Die Mittelstadt-Schule von Kleve<\/strong><\/p>\n<p>Man blickte hier auf das Eingangstor an der damaligen M\u00fchlenstra\u00dfe auf der anderen Seite des Schulhofes. Die Bau-Inschrift auf der rechten Seite der Fassade lautete: LT SPAEN 1685. Im Jahre 1867 wurde im rechten Winkel zum alten Teil ein neuer Trakt an der M\u00fchlenstra\u00dfe errichtet. Das Bild zeigt noch die letzten Tage, als das Geb\u00e4ude noch als Gymnasium genutzt wurde. Danach in 1902 zog man ins neu gebaute Gymnasium an der R\u00f6merstra\u00dfe. Hier wurde dann die Mittelstadt-Schule &#8211; eine Volksschule &#8211; eingerichtet.<\/p>\n<p><img loading=\"lazy\" decoding=\"async\" class=\"size-full wp-image-19404 aligncenter\" src=\"https:\/\/www.kle-blatt.de\/blog\/wp-content\/uploads\/2016\/07\/9-mittelstadtschule.jpg\" alt=\"Die Mittelstadt-Schule von Kleve\" width=\"850\" height=\"530\" \/><br \/>\n(Foto: &#8222;Erinnerung an Bad Cleve)<\/p>\n","protected":false},"excerpt":{"rendered":"<p>Die Mittelstadt-Schule von Kleve Man blickte hier auf das Eingangstor an der damaligen M\u00fchlenstra\u00dfe auf der anderen Seite des Schulhofes. &hellip; <a href=\"https:\/\/www.kle-blatt.de\/blog\/kleve-in-foto-video\/die-mittelstadt-schule-von-kleve.html\" class=\"more-link\"><span class=\"more-button\">Weiterlesen<span class=\"screen-reader-text\">Die Mittelstadt-Schule von Kleve<\/span><\/span><\/a><\/p>\n","protected":false},"author":2,"featured_media":19404,"comment_status":"closed","ping_status":"closed","sticky":false,"template":"","format":"standard","meta":{"footnotes":""},"categories":[3],"tags":[4074],"class_list":["post-19403","post","type-post","status-publish","format-standard","has-post-thumbnail","hentry","category-kleve-in-foto-video","tag-die-mittelstadt-schule-von-kleve"],"_links":{"self":[{"href":"https:\/\/www.kle-blatt.de\/blog\/wp-json\/wp\/v2\/posts\/19403","targetHints":{"allow":["GET"]}}],"collection":[{"href":"https:\/\/www.kle-blatt.de\/blog\/wp-json\/wp\/v2\/posts"}],"about":[{"href":"https:\/\/www.kle-blatt.de\/blog\/wp-json\/wp\/v2\/types\/post"}],"author":[{"embeddable":true,"href":"https:\/\/www.kle-blatt.de\/blog\/wp-json\/wp\/v2\/users\/2"}],"replies":[{"embeddable":true,"href":"https:\/\/www.kle-blatt.de\/blog\/wp-json\/wp\/v2\/comments?post=19403"}],"version-history":[{"count":2,"href":"https:\/\/www.kle-blatt.de\/blog\/wp-json\/wp\/v2\/posts\/19403\/revisions"}],"predecessor-version":[{"id":35533,"href":"https:\/\/www.kle-blatt.de\/blog\/wp-json\/wp\/v2\/posts\/19403\/revisions\/35533"}],"wp:featuredmedia":[{"embeddable":true,"href":"https:\/\/www.kle-blatt.de\/blog\/wp-json\/wp\/v2\/media\/19404"}],"wp:attachment":[{"href":"https:\/\/www.kle-blatt.de\/blog\/wp-json\/wp\/v2\/media?parent=19403"}],"wp:term":[{"taxonomy":"category","embeddable":true,"href":"https:\/\/www.kle-blatt.de\/blog\/wp-json\/wp\/v2\/categories?post=19403"},{"taxonomy":"post_tag","embeddable":true,"href":"https:\/\/www.kle-blatt.de\/blog\/wp-json\/wp\/v2\/tags?post=19403"}],"curies":[{"name":"wp","href":"https:\/\/api.w.org\/{rel}","templated":true}]}}