{"id":19409,"date":"2022-08-20T05:10:08","date_gmt":"2022-08-20T03:10:08","guid":{"rendered":"http:\/\/www.kle-blatt.de\/blog\/?p=19409"},"modified":"2022-07-14T13:12:11","modified_gmt":"2022-07-14T11:12:11","slug":"pferde-transporter-in-kleve","status":"publish","type":"post","link":"https:\/\/www.kle-blatt.de\/blog\/kleve-in-foto-video\/pferde-transporter-in-kleve.html","title":{"rendered":"Gef\u00e4hrlicher Pferdetransport in Kleve"},"content":{"rendered":"<p><strong>Gef\u00e4hrlicher Pferdetransport in Kleve<\/strong><\/p>\n<p>Diese Szene ereignete sich\u00a0vor der Klever Filiale der Firma Fassin auf der Gro\u00dfen Stra\u00dfe Anfang der F\u00fcnfziger Jahre. Die Firma Aloys Swertz arbeitete damals noch mit Pferde-Karren f\u00fcr den St\u00fcckgut-Transport. Hier sieht man die Schwierigkeiten der nach oben f\u00fchrenden Stra\u00dfe mit der glatten Fahrbahn, die f\u00fcr die Pferde nur schwer zu bew\u00e4ltigen war. Daher half hier der Lieferwagen der Firma Fruhen den Vierbeinern, das Hindernis zu bew\u00e4ltigen. Im Hintergrund wartet ein Schaffner der Stra\u00dfenbahn ungeduldig auf die Beseitigung des &#8222;\u00c4rgernisses&#8220;.<\/p>\n<p><img loading=\"lazy\" decoding=\"async\" class=\"size-full wp-image-19410 aligncenter\" src=\"https:\/\/www.kle-blatt.de\/blog\/wp-content\/uploads\/2016\/07\/auto-zieht-pferd.jpg\" alt=\"Gef\u00e4hrlicher Pferdetransport in Kleve\" width=\"850\" height=\"539\" \/><br \/>\n(Foto: Fritz Getlinger \u2013 mit freundlicher Genehmigung von Frau Katrin Getlinger-Wessing)<\/p>\n","protected":false},"excerpt":{"rendered":"<p>Gef\u00e4hrlicher Pferdetransport in Kleve Diese Szene ereignete sich\u00a0vor der Klever Filiale der Firma Fassin auf der Gro\u00dfen Stra\u00dfe Anfang der &hellip; <a href=\"https:\/\/www.kle-blatt.de\/blog\/kleve-in-foto-video\/pferde-transporter-in-kleve.html\" class=\"more-link\"><span class=\"more-button\">Weiterlesen<span class=\"screen-reader-text\">Gef\u00e4hrlicher Pferdetransport in Kleve<\/span><\/span><\/a><\/p>\n","protected":false},"author":2,"featured_media":19410,"comment_status":"open","ping_status":"closed","sticky":false,"template":"","format":"standard","meta":{"footnotes":""},"categories":[3],"tags":[4076],"class_list":["post-19409","post","type-post","status-publish","format-standard","has-post-thumbnail","hentry","category-kleve-in-foto-video","tag-pferde-transporter-in-kleve"],"_links":{"self":[{"href":"https:\/\/www.kle-blatt.de\/blog\/wp-json\/wp\/v2\/posts\/19409","targetHints":{"allow":["GET"]}}],"collection":[{"href":"https:\/\/www.kle-blatt.de\/blog\/wp-json\/wp\/v2\/posts"}],"about":[{"href":"https:\/\/www.kle-blatt.de\/blog\/wp-json\/wp\/v2\/types\/post"}],"author":[{"embeddable":true,"href":"https:\/\/www.kle-blatt.de\/blog\/wp-json\/wp\/v2\/users\/2"}],"replies":[{"embeddable":true,"href":"https:\/\/www.kle-blatt.de\/blog\/wp-json\/wp\/v2\/comments?post=19409"}],"version-history":[{"count":1,"href":"https:\/\/www.kle-blatt.de\/blog\/wp-json\/wp\/v2\/posts\/19409\/revisions"}],"predecessor-version":[{"id":30798,"href":"https:\/\/www.kle-blatt.de\/blog\/wp-json\/wp\/v2\/posts\/19409\/revisions\/30798"}],"wp:featuredmedia":[{"embeddable":true,"href":"https:\/\/www.kle-blatt.de\/blog\/wp-json\/wp\/v2\/media\/19410"}],"wp:attachment":[{"href":"https:\/\/www.kle-blatt.de\/blog\/wp-json\/wp\/v2\/media?parent=19409"}],"wp:term":[{"taxonomy":"category","embeddable":true,"href":"https:\/\/www.kle-blatt.de\/blog\/wp-json\/wp\/v2\/categories?post=19409"},{"taxonomy":"post_tag","embeddable":true,"href":"https:\/\/www.kle-blatt.de\/blog\/wp-json\/wp\/v2\/tags?post=19409"}],"curies":[{"name":"wp","href":"https:\/\/api.w.org\/{rel}","templated":true}]}}