{"id":19421,"date":"2024-08-22T07:00:54","date_gmt":"2024-08-22T05:00:54","guid":{"rendered":"http:\/\/www.kle-blatt.de\/blog\/?p=19421"},"modified":"2024-07-03T13:09:08","modified_gmt":"2024-07-03T11:09:08","slug":"das-verkleinerte-denkmal-von-kleve","status":"publish","type":"post","link":"https:\/\/www.kle-blatt.de\/blog\/kleve-in-foto-video\/das-verkleinerte-denkmal-von-kleve.html","title":{"rendered":"Wusstest Du das? Das &#8222;verkleinerte&#8220; Denkmal von Kleve"},"content":{"rendered":"<p><strong>Wusstest Du das? Das &#8222;verkleinerte&#8220; Denkmal von Kleve<\/strong><\/p>\n<p>Urspr\u00fcnglich waren es vier M\u00f6rser, die rund um den &#8222;Eisernen Mann&#8220; platziert waren. Allerdings musste, bedingt durch die Verbreiterung der Nassauer Allee, eines dieser Eisenst\u00fccke weichen. Das Ganze geschah in den F\u00fcnfziger Jahren, lange bevor Joseph Beuys das Denkmal mit dem Cupido an seinen heutigen Standort Einm\u00fcndung Lindenallee in die Nassauer Allee aufstellte. Vorher wurde er noch auf die hier gegen\u00fcber liegende Seite platziert, die ein wenig verkehrsberuhigter war. Wir schauen hier in Richtung Kurve zur Lindenallee. Links sehen wir noch die damals dort parallel fahrende Stra\u00dfenbahn.<\/p>\n<p><img loading=\"lazy\" decoding=\"async\" class=\"size-full wp-image-19422 aligncenter\" src=\"https:\/\/www.kle-blatt.de\/blog\/wp-content\/uploads\/2016\/07\/strassenbahn-nassauer-allee.jpg\" alt=\"Wusstest Du das? Das verkleinerte Denkmal von Kleve\" width=\"850\" height=\"613\" \/><br \/>\n(Foto: Fritz Getlinger \u2013 mit freundlicher Genehmigung von Frau Katrin Getlinger-Wessing)<\/p>\n","protected":false},"excerpt":{"rendered":"<p>Wusstest Du das? Das &#8222;verkleinerte&#8220; Denkmal von Kleve Urspr\u00fcnglich waren es vier M\u00f6rser, die rund um den &#8222;Eisernen Mann&#8220; platziert &hellip; <a href=\"https:\/\/www.kle-blatt.de\/blog\/kleve-in-foto-video\/das-verkleinerte-denkmal-von-kleve.html\" class=\"more-link\"><span class=\"more-button\">Weiterlesen<span class=\"screen-reader-text\">Wusstest Du das? Das &#8222;verkleinerte&#8220; Denkmal von Kleve<\/span><\/span><\/a><\/p>\n","protected":false},"author":2,"featured_media":19422,"comment_status":"closed","ping_status":"closed","sticky":false,"template":"","format":"standard","meta":{"footnotes":""},"categories":[3],"tags":[5043],"class_list":["post-19421","post","type-post","status-publish","format-standard","has-post-thumbnail","hentry","category-kleve-in-foto-video","tag-wusstest-du-das-das-verkleinerte-denkmal-von-kleve"],"_links":{"self":[{"href":"https:\/\/www.kle-blatt.de\/blog\/wp-json\/wp\/v2\/posts\/19421","targetHints":{"allow":["GET"]}}],"collection":[{"href":"https:\/\/www.kle-blatt.de\/blog\/wp-json\/wp\/v2\/posts"}],"about":[{"href":"https:\/\/www.kle-blatt.de\/blog\/wp-json\/wp\/v2\/types\/post"}],"author":[{"embeddable":true,"href":"https:\/\/www.kle-blatt.de\/blog\/wp-json\/wp\/v2\/users\/2"}],"replies":[{"embeddable":true,"href":"https:\/\/www.kle-blatt.de\/blog\/wp-json\/wp\/v2\/comments?post=19421"}],"version-history":[{"count":2,"href":"https:\/\/www.kle-blatt.de\/blog\/wp-json\/wp\/v2\/posts\/19421\/revisions"}],"predecessor-version":[{"id":34098,"href":"https:\/\/www.kle-blatt.de\/blog\/wp-json\/wp\/v2\/posts\/19421\/revisions\/34098"}],"wp:featuredmedia":[{"embeddable":true,"href":"https:\/\/www.kle-blatt.de\/blog\/wp-json\/wp\/v2\/media\/19422"}],"wp:attachment":[{"href":"https:\/\/www.kle-blatt.de\/blog\/wp-json\/wp\/v2\/media?parent=19421"}],"wp:term":[{"taxonomy":"category","embeddable":true,"href":"https:\/\/www.kle-blatt.de\/blog\/wp-json\/wp\/v2\/categories?post=19421"},{"taxonomy":"post_tag","embeddable":true,"href":"https:\/\/www.kle-blatt.de\/blog\/wp-json\/wp\/v2\/tags?post=19421"}],"curies":[{"name":"wp","href":"https:\/\/api.w.org\/{rel}","templated":true}]}}