{"id":1955,"date":"2024-02-02T06:20:26","date_gmt":"2024-02-02T04:20:26","guid":{"rendered":"http:\/\/www.kle-blatt.de\/blog\/?p=1955"},"modified":"2024-01-02T14:47:48","modified_gmt":"2024-01-02T12:47:48","slug":"hotel-stirum-kleve","status":"publish","type":"post","link":"https:\/\/www.kle-blatt.de\/blog\/kleve-in-foto-video\/hotel-stirum-kleve.html","title":{"rendered":"Das Hotel Stirum in Kleve"},"content":{"rendered":"<p><strong>Das Hotel Stirum in Kleve<\/strong><\/p>\n<p>Das Bild zeigt das ehemalige Hotel Stirum. Ab 1946 bis 1977 wurde es als Alten- &amp; Waisenhaus f\u00fcr das zerst\u00f6rte Geb\u00e4ude &#8222;M\u00fcnze&#8220; (vor der Stadthalle, heute Parkplatz) genutzt. Das Hotel Stirum befand sich dort, wo heute die \u00f6stliche Insel liegt. Die Gastst\u00e4tte &#8222;Zur M\u00fcnze&#8220; ist die ehemalige Remise des Hotels.<br \/>\nDas Foto zeigt die Vorderansicht des Hotels. Hier hat der Photograph Hotel Stirum wohl gerade w\u00e4hrend eines Ruhetages abgelichtet &#8211; sonst herrschte hier vor allem an Sommertagen stets reger Betrieb. Der Vorg\u00e4nger des Hotels war ein zweigeschossiger Rokokobau, 1746 auf der \u00f6stlichen Kanalinsel (im Neuen Tierpark) errichtet. 1810 kaufte Graf Friedrich-Albert von Limburg-Stirum das Anwesen. Sein endg\u00fcltiges Aussehen erhielt das Geb\u00e4ude jedoch erst gut 25 Jahre sp\u00e4ter, als Werner Artz, bis dato Wirt im &#8222;Goldenen Adler&#8220; in Cleves Innenstadt, in dem verbreiterten und um ein Stockwerk erh\u00f6hten Haus den &#8222;Stirumschen Hof&#8220; er\u00f6ffnete. Im h\u00f6lzernen Pavillon zur Rechten spielten zur Unterhaltung der Besuch abwechselnd die Clever Kurkapelle und die Milit\u00e4rkapelle der 56er.<\/p>\n<p><a href=\"http:\/\/www.kle-blatt.de\/blog\/wp-content\/uploads\/2013\/03\/luftbild2.jpg\"><img loading=\"lazy\" decoding=\"async\" class=\"size-full wp-image-1956 aligncenter\" src=\"https:\/\/www.kle-blatt.de\/blog\/wp-content\/uploads\/2013\/03\/luftbild2.jpg\" alt=\"Das Hotel Stirum in Kleve\" width=\"850\" height=\"686\" \/><\/a><\/p>\n","protected":false},"excerpt":{"rendered":"<p>Das Hotel Stirum in Kleve Das Bild zeigt das ehemalige Hotel Stirum. Ab 1946 bis 1977 wurde es als Alten- &hellip; <a href=\"https:\/\/www.kle-blatt.de\/blog\/kleve-in-foto-video\/hotel-stirum-kleve.html\" class=\"more-link\"><span class=\"more-button\">Weiterlesen<span class=\"screen-reader-text\">Das Hotel Stirum in Kleve<\/span><\/span><\/a><\/p>\n","protected":false},"author":2,"featured_media":1956,"comment_status":"closed","ping_status":"closed","sticky":false,"template":"","format":"standard","meta":{"footnotes":""},"categories":[3],"tags":[556],"class_list":["post-1955","post","type-post","status-publish","format-standard","has-post-thumbnail","hentry","category-kleve-in-foto-video","tag-hotel-stirum-kleve"],"_links":{"self":[{"href":"https:\/\/www.kle-blatt.de\/blog\/wp-json\/wp\/v2\/posts\/1955","targetHints":{"allow":["GET"]}}],"collection":[{"href":"https:\/\/www.kle-blatt.de\/blog\/wp-json\/wp\/v2\/posts"}],"about":[{"href":"https:\/\/www.kle-blatt.de\/blog\/wp-json\/wp\/v2\/types\/post"}],"author":[{"embeddable":true,"href":"https:\/\/www.kle-blatt.de\/blog\/wp-json\/wp\/v2\/users\/2"}],"replies":[{"embeddable":true,"href":"https:\/\/www.kle-blatt.de\/blog\/wp-json\/wp\/v2\/comments?post=1955"}],"version-history":[{"count":2,"href":"https:\/\/www.kle-blatt.de\/blog\/wp-json\/wp\/v2\/posts\/1955\/revisions"}],"predecessor-version":[{"id":33132,"href":"https:\/\/www.kle-blatt.de\/blog\/wp-json\/wp\/v2\/posts\/1955\/revisions\/33132"}],"wp:featuredmedia":[{"embeddable":true,"href":"https:\/\/www.kle-blatt.de\/blog\/wp-json\/wp\/v2\/media\/1956"}],"wp:attachment":[{"href":"https:\/\/www.kle-blatt.de\/blog\/wp-json\/wp\/v2\/media?parent=1955"}],"wp:term":[{"taxonomy":"category","embeddable":true,"href":"https:\/\/www.kle-blatt.de\/blog\/wp-json\/wp\/v2\/categories?post=1955"},{"taxonomy":"post_tag","embeddable":true,"href":"https:\/\/www.kle-blatt.de\/blog\/wp-json\/wp\/v2\/tags?post=1955"}],"curies":[{"name":"wp","href":"https:\/\/api.w.org\/{rel}","templated":true}]}}